{"id":2373,"date":"2014-06-18T12:10:52","date_gmt":"2014-06-18T14:10:52","guid":{"rendered":"http:\/\/www.ifbaiano.edu.br\/unidades\/lapa\/?p=2373"},"modified":"2014-06-18T12:10:52","modified_gmt":"2014-06-18T14:10:52","slug":"campus-bom-jesus-da-lapa-realiza-cerimonia-de-posse-do-gremio-estudantil","status":"publish","type":"post","link":"https:\/\/www.ifbaiano.edu.br\/unidades\/lapa\/2014\/06\/18\/campus-bom-jesus-da-lapa-realiza-cerimonia-de-posse-do-gremio-estudantil\/","title":{"rendered":"Campus Bom Jesus da lapa realiza cerim\u00f4nia de posse do Gr\u00eamio Estudantil"},"content":{"rendered":"<p>Solenidade contou com a presen\u00e7a de servidores e alunos do Campus.<\/p>\n<p><!--more--> No dia onze do m\u00eas de junho foi realizada, no Campus Bom Jesus da Lapa, a cerim\u00f4nia de posse da primeira Diretoria do Gr\u00eamio Estudantil de Educa\u00e7\u00e3o, Ci\u00eancia e Tecnologia (GETEC). \u00a0A entidade tem como finalidade defender os interesses dos estudantes e permitir que eles discutam, criem e fortale\u00e7am in\u00fameras possibilidades de a\u00e7\u00e3o, tanto no pr\u00f3prio ambiente escolar como na pr\u00f3pria comunidade. O primeiro presidente do Gr\u00eamio, Eraldo Lucas Lima Castro, iniciou o mandato da gest\u00e3o de dois anos juntamente com as Diretorias da entidade, eleitos no dia sete do m\u00eas de maio de dois mil e quatorze, pela chapa 01 &#8211; Juntos por um prop\u00f3sito.<\/p>\n<p>Durante a cerim\u00f4nia, a Diretora Acad\u00eamica, professora Elisa Freitag, enalteceu o corpo discente pela implanta\u00e7\u00e3o do Gr\u00eamio Estudantil, que deve ser um parceiro da Escola. Frisou que o presidente do Gr\u00eamio, Eraldo Castro, ser\u00e1 o representante dos discentes perante a Institui\u00e7\u00e3o e ser\u00e1 um intermedi\u00e1rio, um articulador, nas quest\u00f5es de interesse da classe estudantil. Pediu que \u00a0os estudantes apoiem as a\u00e7\u00f5es do Gr\u00eamio e participem ativamente nas atividades propostas por \u00a0sua Diretoria, fazendo valer esse espa\u00e7o que est\u00e1 sendo conquistado dentro da Escola.<\/p>\n<p>O Diretor Geral do Campus, professor Ariomar Rodrigues, falou que a posse do Gr\u00eamio Estudantil \u00e9 relevante para o Campus Bom Jesus da Lapa, devido \u00e0 import\u00e2ncia da representa\u00e7\u00e3o estudantil para a constru\u00e7\u00e3o de uma escola melhor; enfatizou o car\u00e1ter democr\u00e1tico para se chegar at\u00e9 este momento, sendo uma das grandes marcas da democracia, e destacou a import\u00e2ncia de cada estudante neste processo, onde n\u00e3o h\u00e1 derrotados e a escolha faz parte da op\u00e7\u00e3o dos estudantes. Disse que o Gr\u00eamio \u00e9 representado por seu Presidente, mas as decis\u00f5es s\u00e3o do conjunto de todos os estudantes. Na oportunidade, parabenizou o aluno Eraldo Lucas pela coragem e determina\u00e7\u00e3o ao representar a comunidade discente do campus como presidente do Gr\u00eamio Estudantil.<\/p>\n<p>O presidente eleito, Eraldo Campos fez um discurso falando da grande responsabilidade em representar o Gr\u00eamio Estudantil dentro de uma institui\u00e7\u00e3o. Frisou que este \u00e9 um momento muito feliz para todos os integrantes da Diretoria do GETEC. Destacou a import\u00e2ncia da representa\u00e7\u00e3o estudantil no pa\u00eds, no que se refere \u00e0s mudan\u00e7as sociais e hist\u00f3ricas impulsionadas por membros dessa classe estudantil. Comentou que prop\u00f5e trabalhar em equipe, buscando melhorias para a Escola e visando a promo\u00e7\u00e3o do desenvolvimento da regi\u00e3o. Eraldo agradeceu a todos que participaram do processo de implanta\u00e7\u00e3o da Representa\u00e7\u00e3o Estudantil neste <em>Campus<\/em>, destacando o apoio incondicional dos servidores do <em>Campus <\/em>Bom Jesus da Lapa, envolvidos em todas as etapas de cria\u00e7\u00e3o do Gr\u00eamio, at\u00e9 o presente momento.<\/p>\n<p>As diretorias do Gr\u00eamio comemoraram a posse, e externaram entusiasmo para iniciarem as atividades inerentes \u00e0 representa\u00e7\u00e3o estudantil.<\/p>\n<p><a href=\"http:\/\/www.ifbaiano.edu.br\/unidades\/lapa\/files\/2014\/06\/foto-gremio.jpg\"><img decoding=\"async\" loading=\"lazy\" class=\"alignleft size-medium wp-image-2374\" src=\"http:\/\/www.ifbaiano.edu.br\/unidades\/lapa\/files\/2014\/06\/foto-gremio-300x225.jpg\" alt=\"\" width=\"300\" height=\"225\" srcset=\"https:\/\/www.ifbaiano.edu.br\/unidades\/lapa\/files\/2014\/06\/foto-gremio-300x225.jpg 300w, https:\/\/www.ifbaiano.edu.br\/unidades\/lapa\/files\/2014\/06\/foto-gremio-400x300.jpg 400w, https:\/\/www.ifbaiano.edu.br\/unidades\/lapa\/files\/2014\/06\/foto-gremio.jpg 960w\" sizes=\"(max-width: 300px) 100vw, 300px\" \/><\/a><\/p>\n<p align=\"center\">\n<p align=\"center\">\n<p align=\"center\">\n<p align=\"center\">\n<p align=\"center\">\n<p align=\"center\">\n<p align=\"center\">\n<p align=\"center\">Fonte: Coordena\u00e7\u00e3o de Assuntos Estudantis<\/p>\n","protected":false},"excerpt":{"rendered":"<p>Solenidade contou com a presen\u00e7a de servidores e alunos do Campus.<\/p>\n","protected":false},"author":36,"featured_media":0,"comment_status":"open","ping_status":"open","sticky":false,"template":"","format":"standard","meta":[],"categories":[1],"tags":[],"_links":{"self":[{"href":"https:\/\/www.ifbaiano.edu.br\/unidades\/lapa\/wp-json\/wp\/v2\/posts\/2373"}],"collection":[{"href":"https:\/\/www.ifbaiano.edu.br\/unidades\/lapa\/wp-json\/wp\/v2\/posts"}],"about":[{"href":"https:\/\/www.ifbaiano.edu.br\/unidades\/lapa\/wp-json\/wp\/v2\/types\/post"}],"author":[{"embeddable":true,"href":"https:\/\/www.ifbaiano.edu.br\/unidades\/lapa\/wp-json\/wp\/v2\/users\/36"}],"replies":[{"embeddable":true,"href":"https:\/\/www.ifbaiano.edu.br\/unidades\/lapa\/wp-json\/wp\/v2\/comments?post=2373"}],"version-history":[{"count":2,"href":"https:\/\/www.ifbaiano.edu.br\/unidades\/lapa\/wp-json\/wp\/v2\/posts\/2373\/revisions"}],"predecessor-version":[{"id":2376,"href":"https:\/\/www.ifbaiano.edu.br\/unidades\/lapa\/wp-json\/wp\/v2\/posts\/2373\/revisions\/2376"}],"wp:attachment":[{"href":"https:\/\/www.ifbaiano.edu.br\/unidades\/lapa\/wp-json\/wp\/v2\/media?parent=2373"}],"wp:term":[{"taxonomy":"category","embeddable":true,"href":"https:\/\/www.ifbaiano.edu.br\/unidades\/lapa\/wp-json\/wp\/v2\/categories?post=2373"},{"taxonomy":"post_tag","embeddable":true,"href":"https:\/\/www.ifbaiano.edu.br\/unidades\/lapa\/wp-json\/wp\/v2\/tags?post=2373"}],"curies":[{"name":"wp","href":"https:\/\/api.w.org\/{rel}","templated":true}]}}