{"id":23741,"date":"2022-10-26T20:39:22","date_gmt":"2022-10-26T23:39:22","guid":{"rendered":"https:\/\/www.ifbaiano.edu.br\/unidades\/lapa\/?p=23741"},"modified":"2022-10-26T20:39:46","modified_gmt":"2022-10-26T23:39:46","slug":"campus-bom-jesus-da-lapa-comunica-a-realizacao-do-iii-simposio-de-ensino-pesquisa-e-extensao","status":"publish","type":"post","link":"https:\/\/www.ifbaiano.edu.br\/unidades\/lapa\/2022\/10\/26\/campus-bom-jesus-da-lapa-comunica-a-realizacao-do-iii-simposio-de-ensino-pesquisa-e-extensao\/","title":{"rendered":"Campus Bom Jesus da Lapa comunica a realiza\u00e7\u00e3o do III Simp\u00f3sio de Ensino, Pesquisa e Extens\u00e3o"},"content":{"rendered":"\n<div class=\"wp-block-image\"><figure class=\"aligncenter size-full is-resized\"><img decoding=\"async\" loading=\"lazy\" src=\"https:\/\/www.ifbaiano.edu.br\/unidades\/lapa\/files\/2022\/10\/SIEPEX-CARD1.png\" alt=\"\" class=\"wp-image-23736\" width=\"450\" height=\"450\" \/><\/figure><\/div>\n\n\n\n<p>Com o Tema \u201cCi\u00eancia e Tecnologia como estrat\u00e9gias para o desenvolvimento do Semi\u00e1rido\u201d, o&nbsp;<em>Campus<\/em>&nbsp;Bom Jesus da Lapa realizar\u00e1 a terceira edi\u00e7\u00e3o do Simp\u00f3sio de Ensino, Pesquisa e Extens\u00e3o (III SiEPEx).<\/p>\n\n\n\n<p>&nbsp;O III SiEPEx \u00e9 um evento t\u00e9cnico-cient\u00edfico que busca proporcionar aos estudantes, professores, pesquisadores, profissionais liberais e o p\u00fablico em geral, uma discuss\u00e3o atualizada sobre a Ci\u00eancia e a Tecnologia, bem como suas implica\u00e7\u00f5es na sociedade, al\u00e9m de aprofundarem seus conhecimentos sobre as tem\u00e1ticas abordadas.<\/p>\n\n\n\n<p>O evento possibilitar\u00e1 tamb\u00e9m a socializa\u00e7\u00e3o de produ\u00e7\u00f5es cientificas da comunidade acad\u00eamica interna e externa do IF Baiano, de modo a fortalecer a sua inter-rela\u00e7\u00e3o e promover a indissociabilidade entre o ensino, a pesquisa e a extens\u00e3o.<\/p>\n\n\n\n<p>Na oportunidade, tamb\u00e9m ser\u00e3o realizadas atividades alusivas ao Novembro Negro, \u00e0 Semana de Agronomia, \u00e0 Semana da Tecnologia da Informa\u00e7\u00e3o e \u00e0 Semana de Ci\u00eancia e Tecnologia, al\u00e9m da exposi\u00e7\u00e3o de produtos da agricultura familiar e artefatos did\u00e1tico-pedag\u00f3gicos do&nbsp;<em>Campus&nbsp;<\/em>(culin\u00e1ria, maquetes, banners, prot\u00f3tipos, rochas e minerais, dentre outros).<\/p>\n\n\n\n<p><strong>SUBMISS\u00c3O DE TRABALHO NO EVENTO<\/strong><\/p>\n\n\n\n<p>Ser\u00e3o aceitos resumos expandidos resultantes de projetos de pesquisa, extens\u00e3o e ensino conclu\u00eddos ou em desenvolvimento no IF Baiano ou em outras institui\u00e7\u00f5es de educa\u00e7\u00e3o e pesquisa, vinculados a: trabalhos de discentes, docentes e pesquisadores nos n\u00edveis b\u00e1sico, t\u00e9cnico, tecnol\u00f3gico e superior (gradua\u00e7\u00e3o e p\u00f3s-gradua\u00e7\u00e3o).<\/p>\n\n\n\n<p>As submiss\u00f5es dos resumos expandidos devem ser realizadas no per\u00edodo<strong>&nbsp;<\/strong>de<strong>&nbsp;27 de outubro&nbsp;a&nbsp;20 de novembro&nbsp;de 2022.&nbsp;<\/strong>N\u00e3o ser\u00e3o aceitos trabalhos ap\u00f3s esta data.<\/p>\n\n\n\n<p>Ser\u00e3o aceitos resumos expandidos nas seguintes \u00e1reas do conhecimento:<\/p>\n\n\n\n<p>\u25cf&nbsp;&nbsp;&nbsp;&nbsp;&nbsp;&nbsp;&nbsp;Ci\u00eancias Humanas, Sociais, Lingu\u00edstica, Letras e Artes;<\/p>\n\n\n\n<p>\u25cf&nbsp;&nbsp;&nbsp;&nbsp;&nbsp;&nbsp;&nbsp;Ci\u00eancias da Natureza;<\/p>\n\n\n\n<p>\u25cf&nbsp;&nbsp;&nbsp;&nbsp;&nbsp;&nbsp;&nbsp;Ci\u00eancias Exatas, da Terra e Agr\u00e1rias;<\/p>\n\n\n\n<p>\u25cf&nbsp;&nbsp;&nbsp;&nbsp;&nbsp;&nbsp;&nbsp;Gest\u00e3o da Tecnologia da Informa\u00e7\u00e3o e Comunica\u00e7\u00e3o.<\/p>\n\n\n\n<p>O modelo orientador e as normas do evento encontram-se dispon\u00edveis na p\u00e1gina:&nbsp;<a href=\"https:\/\/www.ifbaiano.edu.br\/unidades\/lapa\/iii-siepex-lapa\/\" target=\"_blank\" rel=\"noreferrer noopener\">https:\/\/www.ifbaiano.edu.br\/unidades\/lapa\/iii-siepex-lapa\/<\/a>. Depois de elaborado conforme orienta\u00e7\u00f5es constantes do pr\u00f3prio modelo, os resumos dever\u00e3o ser encaminhados exclusivamente em formato edit\u00e1vel (.doc) atrav\u00e9s do link:&nbsp;&nbsp;<a href=\"https:\/\/forms.gle\/jE5UUyyrgvsdUbQL7\" target=\"_blank\" rel=\"noreferrer noopener\">https:\/\/forms.gle\/jE5UUyyrgvsdUbQL7<\/a><\/p>\n\n\n\n<p><strong>INSCRI\u00c7\u00d5ES PARA PARTICIPANTES EM GERAL<\/strong><\/p>\n\n\n\n<p>Para participar do III SiEPEx, \u00e9 necess\u00e1ria a inscri\u00e7\u00e3o pr\u00e9via no per\u00edodo de&nbsp;27 de outubro&nbsp;a&nbsp;28 de novembro, pelo link:<\/p>\n\n\n\n<p><a href=\"https:\/\/suap.ifbaiano.edu.br\/eventos\/inscricao_publica\/736\/\">https:\/\/suap.ifbaiano.edu.br\/eventos\/inscricao_publica\/736\/<\/a><\/p>\n\n\n\n<p>A comiss\u00e3o esclarece que todos os apresentadores de trabalhos tamb\u00e9m dever\u00e3o realizar a inscri\u00e7\u00e3o como participantes do evento.<\/p>\n\n\n\n<p><strong>INFORMA\u00c7\u00d5ES E D\u00daVIDAS<\/strong><\/p>\n\n\n\n<p>Solicita\u00e7\u00f5es de informa\u00e7\u00f5es adicionais sobre o evento e d\u00favidas sobre o processo de submiss\u00e3o poder\u00e3o ser direcionadas para o e-mail:&nbsp;<a href=\"mailto:eventos@lapa.ifbaiano.edu.br\" target=\"_blank\" rel=\"noreferrer noopener\">eventos@lapa.ifbaiano.edu.br<\/a>.<\/p>\n\n\n\n<p><strong>ACESSE ABAIXO:<\/strong><\/p>\n\n\n\n<p><strong><a href=\"https:\/\/www.ifbaiano.edu.br\/unidades\/lapa\/files\/2022\/10\/NORMAS-GERAIS.pdf\">NORMAS GERAIS DO EVENTO<\/a><\/strong>\u00a0 <\/p>\n\n\n\n<p><strong><a href=\"https:\/\/www.ifbaiano.edu.br\/unidades\/lapa\/files\/2022\/10\/Modelo-Resumo-III-Siepex.docx\">MODELO DE RESUMO EXPANDIDO<\/a><\/strong><\/p>\n\n\n\n<p><strong><a href=\"https:\/\/www.ifbaiano.edu.br\/unidades\/lapa\/files\/2022\/10\/Modelo-de-Apresentacao-ok.pptx\">MODELO DE APRESENTA\u00c7\u00c3O<\/a><\/strong><\/p>\n","protected":false},"excerpt":{"rendered":"<p>Com o Tema \u201cCi\u00eancia e Tecnologia como estrat\u00e9gias para o desenvolvimento do Semi\u00e1rido\u201d, o&nbsp;Campus&nbsp;Bom Jesus da Lapa realizar\u00e1 a terceira edi\u00e7\u00e3o do Simp\u00f3sio de Ensino, Pesquisa e Extens\u00e3o (III SiEPEx). &nbsp;O III SiEPEx \u00e9 um evento t\u00e9cnico-cient\u00edfico que busca proporcionar aos estudantes, professores, pesquisadores, profissionais liberais e o p\u00fablico em geral, uma discuss\u00e3o atualizada sobre [&hellip;]<\/p>\n","protected":false},"author":58,"featured_media":23736,"comment_status":"open","ping_status":"open","sticky":true,"template":"","format":"standard","meta":[],"categories":[115,64,40,65],"tags":[],"_links":{"self":[{"href":"https:\/\/www.ifbaiano.edu.br\/unidades\/lapa\/wp-json\/wp\/v2\/posts\/23741"}],"collection":[{"href":"https:\/\/www.ifbaiano.edu.br\/unidades\/lapa\/wp-json\/wp\/v2\/posts"}],"about":[{"href":"https:\/\/www.ifbaiano.edu.br\/unidades\/lapa\/wp-json\/wp\/v2\/types\/post"}],"author":[{"embeddable":true,"href":"https:\/\/www.ifbaiano.edu.br\/unidades\/lapa\/wp-json\/wp\/v2\/users\/58"}],"replies":[{"embeddable":true,"href":"https:\/\/www.ifbaiano.edu.br\/unidades\/lapa\/wp-json\/wp\/v2\/comments?post=23741"}],"version-history":[{"count":1,"href":"https:\/\/www.ifbaiano.edu.br\/unidades\/lapa\/wp-json\/wp\/v2\/posts\/23741\/revisions"}],"predecessor-version":[{"id":23742,"href":"https:\/\/www.ifbaiano.edu.br\/unidades\/lapa\/wp-json\/wp\/v2\/posts\/23741\/revisions\/23742"}],"wp:featuredmedia":[{"embeddable":true,"href":"https:\/\/www.ifbaiano.edu.br\/unidades\/lapa\/wp-json\/wp\/v2\/media\/23736"}],"wp:attachment":[{"href":"https:\/\/www.ifbaiano.edu.br\/unidades\/lapa\/wp-json\/wp\/v2\/media?parent=23741"}],"wp:term":[{"taxonomy":"category","embeddable":true,"href":"https:\/\/www.ifbaiano.edu.br\/unidades\/lapa\/wp-json\/wp\/v2\/categories?post=23741"},{"taxonomy":"post_tag","embeddable":true,"href":"https:\/\/www.ifbaiano.edu.br\/unidades\/lapa\/wp-json\/wp\/v2\/tags?post=23741"}],"curies":[{"name":"wp","href":"https:\/\/api.w.org\/{rel}","templated":true}]}}