{"id":23877,"date":"2022-11-10T21:46:39","date_gmt":"2022-11-11T00:46:39","guid":{"rendered":"https:\/\/www.ifbaiano.edu.br\/unidades\/lapa\/?p=23877"},"modified":"2022-11-11T10:23:53","modified_gmt":"2022-11-11T13:23:53","slug":"edital-22-2022-processo-seletivo-ingresso-de-estudantes-cursos-integrado-2023","status":"publish","type":"post","link":"https:\/\/www.ifbaiano.edu.br\/unidades\/lapa\/2022\/11\/10\/edital-22-2022-processo-seletivo-ingresso-de-estudantes-cursos-integrado-2023\/","title":{"rendered":"Edital 22\/2022 &#8211; Processo Seletivo Ingresso de estudantes cursos INTEGRADO 2023"},"content":{"rendered":"\n<div class=\"wp-block-image\"><figure class=\"aligncenter size-full is-resized\"><img decoding=\"async\" loading=\"lazy\" src=\"https:\/\/www.ifbaiano.edu.br\/unidades\/lapa\/files\/2022\/11\/WhatsApp-Image-2022-11-09-at-08.29.46.jpeg\" alt=\"\" class=\"wp-image-23880\" width=\"533\" height=\"533\" \/><\/figure><\/div>\n\n\n\n<p>O IF Baiano Campus Bom Jesus da Lapa lan\u00e7ou no dia\u00a008\/11\/2022\u00a0dois editais para ingresso de estudantes em cursos t\u00e9cnicos no ano letivo de 2023. S\u00e3o 120 vagas para cursos T\u00e9cnicos de N\u00edvel M\u00e9dio Integrado ao Ensino M\u00e9dio (com dura\u00e7\u00e3o de 3 anos) \u00a0O candidato precisa j\u00e1\u00a0ter\u00a0em m\u00e3os o CPF e RG, pois s\u00e3o necess\u00e1rios para inscri\u00e7\u00e3o.<\/p>\n\n\n\n<p><strong>Prazo para inscri\u00e7\u00f5es:&nbsp;11\/11\/2022&nbsp;a&nbsp;16\/12\/2022<\/strong><\/p>\n\n\n\n<p>Leia atentamente o edital e em caso de d\u00favidas entre em contato presencialmente na institui\u00e7\u00e3o, conforme datas e hor\u00e1rios ou encaminhe email&nbsp;prosel@lapa.ifbaiano.edu.br&nbsp;ou Telefones: (77) 3481 &#8211; 2521 \/ (77) 3481 &#8211; 4513.<br>Acesse&nbsp;&nbsp;<a target=\"_blank\" href=\"https:\/\/www.ifbaiano.edu.br\/unidades\/lapa\/ingresso\/\" rel=\"noreferrer noopener\">https:\/\/www.ifbaiano.edu.br\/unidades\/lapa\/ingresso\/<\/a>&nbsp;para&nbsp;ter&nbsp;acesso \u00e0 documenta\u00e7\u00e3o e &nbsp;link de inscri\u00e7\u00f5es.<\/p>\n\n\n\n<p><strong>Quais s\u00e3o os requisitos para &nbsp;para participar do processo seletivo?<\/strong><\/p>\n\n\n\n<p>A sele\u00e7\u00e3o ser\u00e1 por an\u00e1lise do Hist\u00f3rico escolar, pelas m\u00e9dias finais de Portugu\u00eas e Matem\u00e1tica do 6\u00ba ao 8\u00ba ano. &nbsp;Por isso \u00e9 necess\u00e1rio&nbsp;ter&nbsp;conclu\u00eddo ou estar cursando o 9\u00b0 ano do Ensino Fundamental e no ato da matr\u00edcula estar com o hist\u00f3rico de conclus\u00e3o do Ensino Fundamental;<\/p>\n\n\n\n<p><strong>Quais s\u00e3o as op\u00e7\u00f5es de Cursos Integrados?<\/strong><\/p>\n\n\n\n<p><strong>T\u00e9cnico em Agricultura<\/strong> &#8211; Trata-se de um curso voltado para atividades ligadas \u00e0 agricultura, em que os profissionais formados podem atuar em empresas de produ\u00e7\u00e3o e consultoria agr\u00edcola; Institui\u00e7\u00f5es de assist\u00eancia\/assessoria t\u00e9cnica, extens\u00e3o rural e pesquisa; com\u00e9rcio de equipamentos e produtos agr\u00edcolas; unidades de produ\u00e7\u00e3o familiar; cooperativas e associa\u00e7\u00f5es de produ\u00e7\u00e3o agr\u00edcola e de forma aut\u00f4noma. O curso buscar\u00e1 atender \u00e0s demandas das popula\u00e7\u00f5es rurais \u2013produtores rurais, povos quilombolas, agricultores familiares, comunidades ribeirinhas, egressos do ensino fundamental de modo geral que tenham interesse em ampliar e qualificar o conhecimento te\u00f3rico-pr\u00e1tico vinculado ao setor de produ\u00e7\u00e3o agr\u00edcola.<\/p>\n\n\n\n<p><strong>T\u00e9cnico em Agroecologia<\/strong> &#8211; O Curso T\u00e9cnico em Agroecologia &nbsp;tem como finalidade consolidar saberes, preparar os estudantes para o exerc\u00edcio profissional e para o exerc\u00edcio da cidadania, sendo profissional capaz de adaptar-se \u00e0s novas condi\u00e7\u00f5es de ocupa\u00e7\u00f5es e aperfei\u00e7oamentos posteriores, de agir de forma \u00e9tica, aut\u00f4noma e cr\u00edtica, compreendendo os fundamentos cient\u00edficos e tecnol\u00f3gicos dos processos produtivos e relacionar teoria e pr\u00e1tica, ao mesmo tempo em que possa reconhecer-se em seu contexto hist\u00f3rico e cultural, comunicar-se, ser criativo, aberto ao novo, protagonista e respons\u00e1vel. Na especificidade do curso, o profissional dever\u00e1 ser capaz de atuar em sistemas de produ\u00e7\u00e3o agropecu\u00e1ria e extrativista fundamentados em princ\u00edpios agroecol\u00f3gicos, t\u00e9cnicas de sistemas org\u00e2nicos de produ\u00e7\u00e3o com foco no desenvolvimento de a\u00e7\u00f5es integradas, unindo a preserva\u00e7\u00e3o e conserva\u00e7\u00e3o de recursos naturais \u00e0 sustentabilidade social e econ\u00f4mica dos sistemas produtivos.<\/p>\n\n\n\n<p><strong>T\u00e9cnico em Inform\u00e1tica<\/strong>&#8211; Trata-se de um curso que, para al\u00e9m da forma\u00e7\u00e3o proped\u00eautica, busca formar profissionais em N\u00edvel M\u00e9dio com compet\u00eancias e habilidades para atuar cr\u00edtica e reflexivamente na sociedade, no mundo do trabalho e nas diversas \u00e1reas de inform\u00e1tica, capazes de desenvolver programas computacionais e realizar manuten\u00e7\u00e3o e suporte de computadores e redes, tanto em hardware quanto software, al\u00e9m de favorecer condi\u00e7\u00f5es ao prosseguimento de estudos posteriores.<\/p>\n\n\n\n<p><strong>Quanto \u00e0 escolaridade, qual documenta\u00e7\u00e3o ser\u00e1 exigida para matr\u00edcula?<\/strong><\/p>\n\n\n\n<p>No ato da matr\u00edcula apresentar Atestado de Conclus\u00e3o ou Declara\u00e7\u00e3o de Concluinte da etapa formativa, de acordo com as exig\u00eancias de escolaridade. O discente&nbsp;ter\u00e1 um prazo de at\u00e9 60 dias, ap\u00f3s o in\u00edcio das aulas, para apresenta\u00e7\u00e3o do Hist\u00f3rico Escolar.<\/p>\n\n\n\n<p><strong>Como \u00e9 a distribui\u00e7\u00e3o de vagas?<\/strong><\/p>\n\n\n\n<p>Para escolher qual vaga deseja concorrer, observe com aten\u00e7\u00e3o o quadro de vagas e a descri\u00e7\u00e3o de documentos exigidos &nbsp;encaminhar no ato da inscri\u00e7\u00e3o.<\/p>\n","protected":false},"excerpt":{"rendered":"<p>O IF Baiano Campus Bom Jesus da Lapa lan\u00e7ou no dia\u00a008\/11\/2022\u00a0dois editais para ingresso de estudantes em cursos t\u00e9cnicos no ano letivo de 2023. S\u00e3o 120 vagas para cursos T\u00e9cnicos de N\u00edvel M\u00e9dio Integrado ao Ensino M\u00e9dio (com dura\u00e7\u00e3o de 3 anos) \u00a0O candidato precisa j\u00e1\u00a0ter\u00a0em m\u00e3os o CPF e RG, pois s\u00e3o necess\u00e1rios para [&hellip;]<\/p>\n","protected":false},"author":58,"featured_media":23880,"comment_status":"open","ping_status":"open","sticky":true,"template":"","format":"standard","meta":[],"categories":[36,34,64,24,68,65],"tags":[],"_links":{"self":[{"href":"https:\/\/www.ifbaiano.edu.br\/unidades\/lapa\/wp-json\/wp\/v2\/posts\/23877"}],"collection":[{"href":"https:\/\/www.ifbaiano.edu.br\/unidades\/lapa\/wp-json\/wp\/v2\/posts"}],"about":[{"href":"https:\/\/www.ifbaiano.edu.br\/unidades\/lapa\/wp-json\/wp\/v2\/types\/post"}],"author":[{"embeddable":true,"href":"https:\/\/www.ifbaiano.edu.br\/unidades\/lapa\/wp-json\/wp\/v2\/users\/58"}],"replies":[{"embeddable":true,"href":"https:\/\/www.ifbaiano.edu.br\/unidades\/lapa\/wp-json\/wp\/v2\/comments?post=23877"}],"version-history":[{"count":3,"href":"https:\/\/www.ifbaiano.edu.br\/unidades\/lapa\/wp-json\/wp\/v2\/posts\/23877\/revisions"}],"predecessor-version":[{"id":24431,"href":"https:\/\/www.ifbaiano.edu.br\/unidades\/lapa\/wp-json\/wp\/v2\/posts\/23877\/revisions\/24431"}],"wp:featuredmedia":[{"embeddable":true,"href":"https:\/\/www.ifbaiano.edu.br\/unidades\/lapa\/wp-json\/wp\/v2\/media\/23880"}],"wp:attachment":[{"href":"https:\/\/www.ifbaiano.edu.br\/unidades\/lapa\/wp-json\/wp\/v2\/media?parent=23877"}],"wp:term":[{"taxonomy":"category","embeddable":true,"href":"https:\/\/www.ifbaiano.edu.br\/unidades\/lapa\/wp-json\/wp\/v2\/categories?post=23877"},{"taxonomy":"post_tag","embeddable":true,"href":"https:\/\/www.ifbaiano.edu.br\/unidades\/lapa\/wp-json\/wp\/v2\/tags?post=23877"}],"curies":[{"name":"wp","href":"https:\/\/api.w.org\/{rel}","templated":true}]}}