{"id":23878,"date":"2022-11-10T21:42:22","date_gmt":"2022-11-11T00:42:22","guid":{"rendered":"https:\/\/www.ifbaiano.edu.br\/unidades\/lapa\/?p=23878"},"modified":"2022-11-11T10:43:52","modified_gmt":"2022-11-11T13:43:52","slug":"edital-24-2022-processo-seletivo-ingresso-de-estudantes-cursos-subsequente-2023","status":"publish","type":"post","link":"https:\/\/www.ifbaiano.edu.br\/unidades\/lapa\/2022\/11\/10\/edital-24-2022-processo-seletivo-ingresso-de-estudantes-cursos-subsequente-2023\/","title":{"rendered":"Edital 24\/2022 &#8211; Processo Seletivo Ingresso de estudantes cursos SUBSEQUENTE 2023"},"content":{"rendered":"\n<div class=\"wp-block-image\"><figure class=\"aligncenter size-full is-resized\"><img decoding=\"async\" loading=\"lazy\" src=\"https:\/\/www.ifbaiano.edu.br\/unidades\/lapa\/files\/2022\/11\/WhatsApp-Image-2022-11-09-at-09.44.46.jpeg\" alt=\"\" class=\"wp-image-23881\" width=\"589\" height=\"589\" \/><\/figure><\/div>\n\n\n\n<p>O IF Baiano Campus Bom Jesus da Lapa lan\u00e7ou no dia\u00a008\/11\/2022\u00a0dois editais para ingresso de estudantes em cursos t\u00e9cnicos no ano letivo de 2023. S\u00e3o 80 vagas para cursos T\u00e9cnicos de N\u00edvel M\u00e9dio subsequente ao Ensino M\u00e9dio (com dura\u00e7\u00e3o de 1 ano e meio). O candidato precisa j\u00e1\u00a0ter\u00a0em m\u00e3os o CPF e RG, pois s\u00e3o necess\u00e1rios para inscri\u00e7\u00e3o.<\/p>\n\n\n\n<p><strong>Prazo para inscri\u00e7\u00f5es:&nbsp;11\/11\/2022&nbsp;a&nbsp;16\/12\/2022<\/strong><\/p>\n\n\n\n<p>Leia atentamente o edital e em caso de d\u00favidas entre em contato presencialmente na institui\u00e7\u00e3o, conforme datas e hor\u00e1rios ou encaminhe email&nbsp;prosel@lapa.ifbaiano.edu.br&nbsp;ou Telefones: (77) 3481 &#8211; 2521 \/ (77) 3481 &#8211; 4513.<br>Acesse&nbsp;&nbsp;<a rel=\"noreferrer noopener\" target=\"_blank\" href=\"https:\/\/www.ifbaiano.edu.br\/unidades\/lapa\/ingresso\/\">https:\/\/www.ifbaiano.edu.br\/unidades\/lapa\/ingresso\/<\/a>&nbsp;para&nbsp;ter&nbsp;acesso \u00e0 documenta\u00e7\u00e3o e &nbsp;link de inscri\u00e7\u00f5es.<\/p>\n\n\n\n<p><strong>Quais s\u00e3o os requisitos para &nbsp;para participar do processo seletivo?<\/strong><\/p>\n\n\n\n<p>A sele\u00e7\u00e3o ser\u00e1 pela ordem da manifesta\u00e7\u00e3o de interesse\/chegada. No ato da matr\u00edcula estar com o hist\u00f3rico de conclus\u00e3o do Ensino M\u00e9dio.<\/p>\n\n\n\n<p><strong>Quais s\u00e3o as op\u00e7\u00f5es de Cursos Subsequentes?<\/strong><\/p>\n\n\n\n<p>O <strong>Curso T\u00e9cnico em Agricultura,<\/strong> modalidade subsequente, busca atender as demandas das popula\u00e7\u00f5es rurais \u2013 produtores rurais, povos quilombolas, agricultores familiares, comunidades ribeirinhas, egressos do ensino m\u00e9dio de modo geral que tenham interesse em ampliar e qualificar o conhecimento te\u00f3rico-pr\u00e1tico vinculado ao setor de produ\u00e7\u00e3o agr\u00edcola.<br><\/p>\n\n\n\n<p>O <strong>Curso T\u00e9cnico Subsequente em Inform\u00e1tica<\/strong> forma profissionais que atuam no desenvolvimento de sistemas para computador, seguindo as especifica\u00e7\u00f5es e paradigmas da l\u00f3gica e linguagens de programa\u00e7\u00e3o; utiliza ambientes de desenvolvimentos de sistemas, sistemas operacionais, al\u00e9m de projetar e construir banco de dados e realizar testes de software, mantendo registro que possibilitem an\u00e1lises e refinamento dos resultados; analisa, executa e planeja a manuten\u00e7\u00e3o de programas de computadores implantados. Igualmente, atua no suporte de hardware e infraestrutura de redes de computadores. Vale destacar que a \u00eanfase do curso n\u00e3o \u00e9 a qualifica\u00e7\u00e3o de operador de computador, ou seja, n\u00e3o \u00e9 um curso b\u00e1sico de inform\u00e1tica com o objetivo de formar usu\u00e1rios de computador. O foco do curso \u00e9 no desenvolvimento de sistemas computacionais, e suporte na infraestrutura de hardware e rede de computadores, uma pr\u00e1tica mais avan\u00e7ada da Inform\u00e1tica que prop\u00f5e ao aluno o desenvolvimento do seu racioc\u00ednio l\u00f3gico. Possibilidades de atua\u00e7\u00e3o: Institui\u00e7\u00f5es p\u00fablicas, privadas e do terceiro setor que demandem sistemas computacionais, especialmente envolvendo programa\u00e7\u00e3o de computadores e suporte em sua infraestrutura de tecnologia da informa\u00e7\u00e3o.<\/p>\n\n\n\n<p><strong>Quanto \u00e0 escolaridade, qual documenta\u00e7\u00e3o ser\u00e1 exigida para matr\u00edcula?<\/strong><\/p>\n\n\n\n<p>No ato da matr\u00edcula apresentar Atestado de Conclus\u00e3o ou Declara\u00e7\u00e3o de Concluinte da etapa formativa, de acordo com as exig\u00eancias de escolaridade. O discente&nbsp;ter\u00e1 um prazo de at\u00e9 60 dias, ap\u00f3s o in\u00edcio das aulas, para apresenta\u00e7\u00e3o do Hist\u00f3rico Escolar.<\/p>\n\n\n\n<p><strong>Como \u00e9 a distribui\u00e7\u00e3o de vagas?<\/strong><\/p>\n\n\n\n<p>Para escolher qual vaga deseja concorrer, observe com aten\u00e7\u00e3o o quadro de vagas e a descri\u00e7\u00e3o de documentos exigidos &nbsp;encaminhar no ato da inscri\u00e7\u00e3o.<\/p>\n","protected":false},"excerpt":{"rendered":"<p>O IF Baiano Campus Bom Jesus da Lapa lan\u00e7ou no dia\u00a008\/11\/2022\u00a0dois editais para ingresso de estudantes em cursos t\u00e9cnicos no ano letivo de 2023. S\u00e3o 80 vagas para cursos T\u00e9cnicos de N\u00edvel M\u00e9dio subsequente ao Ensino M\u00e9dio (com dura\u00e7\u00e3o de 1 ano e meio). O candidato precisa j\u00e1\u00a0ter\u00a0em m\u00e3os o CPF e RG, pois s\u00e3o [&hellip;]<\/p>\n","protected":false},"author":58,"featured_media":23881,"comment_status":"open","ping_status":"open","sticky":true,"template":"","format":"standard","meta":[],"categories":[36,34,64,24,69,65],"tags":[],"_links":{"self":[{"href":"https:\/\/www.ifbaiano.edu.br\/unidades\/lapa\/wp-json\/wp\/v2\/posts\/23878"}],"collection":[{"href":"https:\/\/www.ifbaiano.edu.br\/unidades\/lapa\/wp-json\/wp\/v2\/posts"}],"about":[{"href":"https:\/\/www.ifbaiano.edu.br\/unidades\/lapa\/wp-json\/wp\/v2\/types\/post"}],"author":[{"embeddable":true,"href":"https:\/\/www.ifbaiano.edu.br\/unidades\/lapa\/wp-json\/wp\/v2\/users\/58"}],"replies":[{"embeddable":true,"href":"https:\/\/www.ifbaiano.edu.br\/unidades\/lapa\/wp-json\/wp\/v2\/comments?post=23878"}],"version-history":[{"count":5,"href":"https:\/\/www.ifbaiano.edu.br\/unidades\/lapa\/wp-json\/wp\/v2\/posts\/23878\/revisions"}],"predecessor-version":[{"id":24435,"href":"https:\/\/www.ifbaiano.edu.br\/unidades\/lapa\/wp-json\/wp\/v2\/posts\/23878\/revisions\/24435"}],"wp:featuredmedia":[{"embeddable":true,"href":"https:\/\/www.ifbaiano.edu.br\/unidades\/lapa\/wp-json\/wp\/v2\/media\/23881"}],"wp:attachment":[{"href":"https:\/\/www.ifbaiano.edu.br\/unidades\/lapa\/wp-json\/wp\/v2\/media?parent=23878"}],"wp:term":[{"taxonomy":"category","embeddable":true,"href":"https:\/\/www.ifbaiano.edu.br\/unidades\/lapa\/wp-json\/wp\/v2\/categories?post=23878"},{"taxonomy":"post_tag","embeddable":true,"href":"https:\/\/www.ifbaiano.edu.br\/unidades\/lapa\/wp-json\/wp\/v2\/tags?post=23878"}],"curies":[{"name":"wp","href":"https:\/\/api.w.org\/{rel}","templated":true}]}}