{"id":2391,"date":"2014-07-14T09:21:17","date_gmt":"2014-07-14T11:21:17","guid":{"rendered":"http:\/\/www.ifbaiano.edu.br\/unidades\/lapa\/?p=2391"},"modified":"2014-07-14T09:21:17","modified_gmt":"2014-07-14T11:21:17","slug":"publicado-edital-de-assistencia-estudantil-do-campus-bom-jesus-da-lapa","status":"publish","type":"post","link":"https:\/\/www.ifbaiano.edu.br\/unidades\/lapa\/2014\/07\/14\/publicado-edital-de-assistencia-estudantil-do-campus-bom-jesus-da-lapa\/","title":{"rendered":"Publicado Edital de Assist\u00eancia Estudantil do Campus Bom Jesus da Lapa"},"content":{"rendered":"<p>As inscri\u00e7\u00f5es ocorrer\u00e3o no per\u00edodo de 16 a 21 de julho de 2014. Os alunos interessados devem procurar a Coordena\u00e7\u00e3o de Assuntos Estudantis para realizarem sua inscri\u00e7\u00e3o.<\/p>\n<p><!--more--><\/p>\n<p>O Diretor do Instituto Federal de Educa\u00e7\u00e3o, Ci\u00eancia e Tecnologia Baiano \u2013 IF Baiano, Campus Bom Jesus da Lapa, no uso de suas atribui\u00e7\u00f5es legais, torna p\u00fablico o presente Edital, que estabelece as normas e crit\u00e9rios para sele\u00e7\u00e3o de estudantes da Educa\u00e7\u00e3o Profissional e T\u00e9cnica de N\u00edvel M\u00e9dio, com a finalidade da participa\u00e7\u00e3o na Pol\u00edtica de Assist\u00eancia Estudantil deste Instituto, atrav\u00e9s do Programa de Assist\u00eancia e Inclus\u00e3o Social do Estudante \u2013 PAISE.<\/p>\n<p><a href=\"http:\/\/www.ifbaiano.edu.br\/unidades\/lapa\/files\/2014\/07\/edital-assistencia.pdf\">Acesse aqui o Edital<\/a><\/p>\n<p>&nbsp;<\/p>\n<p>&nbsp;<\/p>\n","protected":false},"excerpt":{"rendered":"<p>As inscri\u00e7\u00f5es ocorrer\u00e3o no per\u00edodo de 16 a 21 de julho de 2014. Os alunos interessados devem procurar a Coordena\u00e7\u00e3o de Assuntos Estudantis para realizarem sua inscri\u00e7\u00e3o.<\/p>\n","protected":false},"author":36,"featured_media":0,"comment_status":"open","ping_status":"open","sticky":false,"template":"","format":"standard","meta":[],"categories":[32],"tags":[],"_links":{"self":[{"href":"https:\/\/www.ifbaiano.edu.br\/unidades\/lapa\/wp-json\/wp\/v2\/posts\/2391"}],"collection":[{"href":"https:\/\/www.ifbaiano.edu.br\/unidades\/lapa\/wp-json\/wp\/v2\/posts"}],"about":[{"href":"https:\/\/www.ifbaiano.edu.br\/unidades\/lapa\/wp-json\/wp\/v2\/types\/post"}],"author":[{"embeddable":true,"href":"https:\/\/www.ifbaiano.edu.br\/unidades\/lapa\/wp-json\/wp\/v2\/users\/36"}],"replies":[{"embeddable":true,"href":"https:\/\/www.ifbaiano.edu.br\/unidades\/lapa\/wp-json\/wp\/v2\/comments?post=2391"}],"version-history":[{"count":1,"href":"https:\/\/www.ifbaiano.edu.br\/unidades\/lapa\/wp-json\/wp\/v2\/posts\/2391\/revisions"}],"predecessor-version":[{"id":2393,"href":"https:\/\/www.ifbaiano.edu.br\/unidades\/lapa\/wp-json\/wp\/v2\/posts\/2391\/revisions\/2393"}],"wp:attachment":[{"href":"https:\/\/www.ifbaiano.edu.br\/unidades\/lapa\/wp-json\/wp\/v2\/media?parent=2391"}],"wp:term":[{"taxonomy":"category","embeddable":true,"href":"https:\/\/www.ifbaiano.edu.br\/unidades\/lapa\/wp-json\/wp\/v2\/categories?post=2391"},{"taxonomy":"post_tag","embeddable":true,"href":"https:\/\/www.ifbaiano.edu.br\/unidades\/lapa\/wp-json\/wp\/v2\/tags?post=2391"}],"curies":[{"name":"wp","href":"https:\/\/api.w.org\/{rel}","templated":true}]}}