{"id":23951,"date":"2022-11-16T14:59:56","date_gmt":"2022-11-16T17:59:56","guid":{"rendered":"https:\/\/www.ifbaiano.edu.br\/unidades\/lapa\/?p=23951"},"modified":"2022-11-16T14:59:56","modified_gmt":"2022-11-16T17:59:56","slug":"chamada-publica-01-2022-pnae","status":"publish","type":"post","link":"https:\/\/www.ifbaiano.edu.br\/unidades\/lapa\/2022\/11\/16\/chamada-publica-01-2022-pnae\/","title":{"rendered":"Chamada P\u00fablica 01\/2022 &#8211; PNAE"},"content":{"rendered":"\n<p>O Instituto Federal Baiano \u2013 Campus Bom Jesus da Lapa torna p\u00fablico, para conhecimento dos interessados, que realizar\u00e1 a Chamada P\u00fablica n\u00ba 01\/2022.<\/p>\n\n\n\n<p><strong>Objeto:<\/strong> Aquisi\u00e7\u00e3o de g\u00eaneros aliment\u00edcios da agricultura familiar para atendimento ao Programa Nacional de Alimenta\u00e7\u00e3o Escolar (PNAE), conforme as pe\u00e7as t\u00e9cnicas constantes no Instrumento Convocat\u00f3rio e seus anexos, partes integrantes desta Chamada P\u00fablica.<\/p>\n\n\n\n<p>O Edital encontra-se dispon\u00edvel na sede do Campus e no s\u00edtio https:\/\/www.ifbaiano.edu.br\/unidades\/lapa\/. <strong>Sess\u00e3o de abertura: 06\/12\/2022, \u00e0s 08h30<\/strong>, Hor\u00e1rio Local, na sede do Instituto Federal Baiano \u2013 Campus Bom Jesus da Lapa, localizado na BR 349, Km 14, Rodovia Bom Jesus da Lapa X Santa Maria da Vit\u00f3ria \u2013 Bahia.<\/p>\n\n\n\n<p><\/p>\n\n\n\n<h2 class=\"wp-block-heading\">Documentos:<\/h2>\n\n\n\n<ul><li><a href=\"https:\/\/www.ifbaiano.edu.br\/unidades\/lapa\/files\/2022\/11\/Edital-PNAE.pdf\" target=\"_blank\" rel=\"noreferrer noopener\">Edital &#8211; PNAE<\/a><\/li><li><a href=\"https:\/\/www.ifbaiano.edu.br\/unidades\/lapa\/files\/2022\/11\/ANEXO-I-PROJETO-BASICO-PNAE.pdf\" data-type=\"URL\" data-id=\"https:\/\/www.ifbaiano.edu.br\/unidades\/lapa\/files\/2022\/11\/ANEXO-I-PROJETO-BASICO-PNAE.pdf\" target=\"_blank\" rel=\"noreferrer noopener\">ANEXO I -PROJETO B\u00c1SICO<\/a><\/li><li><a href=\"https:\/\/www.ifbaiano.edu.br\/unidades\/lapa\/files\/2022\/11\/ANEXO-II-PNAE-2022.pdf\" data-type=\"URL\" data-id=\"https:\/\/www.ifbaiano.edu.br\/unidades\/lapa\/files\/2022\/11\/ANEXO-II-PNAE-2022.pdf\" target=\"_blank\" rel=\"noreferrer noopener\">ANEXO II &#8211; PNAE 2022<\/a><\/li><li><a href=\"https:\/\/www.ifbaiano.edu.br\/unidades\/lapa\/files\/2022\/11\/ANEXO-III-DECLARACAO-DE-ORIGEM-DOS-PRODUTOS.pdf\" data-type=\"URL\" data-id=\"https:\/\/www.ifbaiano.edu.br\/unidades\/lapa\/files\/2022\/11\/ANEXO-III-DECLARACAO-DE-ORIGEM-DOS-PRODUTOS.pdf\" target=\"_blank\" rel=\"noreferrer noopener\">ANEXO III &#8211; DECLARA\u00c7\u00c3O DE ORIGEM DOS PRODUTOS<\/a><\/li><li><a href=\"https:\/\/www.ifbaiano.edu.br\/unidades\/lapa\/files\/2022\/11\/ANEXO-IV-TERMO-DE-RECEBIMENTO.pdf\" data-type=\"URL\" data-id=\"https:\/\/www.ifbaiano.edu.br\/unidades\/lapa\/files\/2022\/11\/ANEXO-IV-TERMO-DE-RECEBIMENTO.pdf\" target=\"_blank\" rel=\"noreferrer noopener\">ANEXO IV &#8211; TERMO DE RECEBIMENTO<\/a><\/li><li><a href=\"https:\/\/www.ifbaiano.edu.br\/unidades\/lapa\/files\/2022\/11\/ANEXO-V-DECLARACAO-DE-RESPONSABILIDADE.pdf\" data-type=\"URL\" data-id=\"https:\/\/www.ifbaiano.edu.br\/unidades\/lapa\/files\/2022\/11\/ANEXO-V-DECLARACAO-DE-RESPONSABILIDADE.pdf\" target=\"_blank\" rel=\"noreferrer noopener\">ANEXO V &#8211; DECLARA\u00c7\u00c3O DE RESPONSABILIDADE<\/a><\/li><li><a href=\"https:\/\/www.ifbaiano.edu.br\/unidades\/lapa\/files\/2022\/11\/ANEXO-VI-TERMO-DE-CONTRATO.pdf\" data-type=\"URL\" data-id=\"https:\/\/www.ifbaiano.edu.br\/unidades\/lapa\/files\/2022\/11\/ANEXO-VI-TERMO-DE-CONTRATO.pdf\" target=\"_blank\" rel=\"noreferrer noopener\">ANEXO VI &#8211; TERMO DE CONTRATO<\/a><\/li><\/ul>\n\n\n\n<p><\/p>\n","protected":false},"excerpt":{"rendered":"<p>O Instituto Federal Baiano \u2013 Campus Bom Jesus da Lapa torna p\u00fablico, para conhecimento dos interessados, que realizar\u00e1 a Chamada P\u00fablica n\u00ba 01\/2022. Objeto: Aquisi\u00e7\u00e3o de g\u00eaneros aliment\u00edcios da agricultura familiar para atendimento ao Programa Nacional de Alimenta\u00e7\u00e3o Escolar (PNAE), conforme as pe\u00e7as t\u00e9cnicas constantes no Instrumento Convocat\u00f3rio e seus anexos, partes integrantes desta Chamada [&hellip;]<\/p>\n","protected":false},"author":150,"featured_media":0,"comment_status":"open","ping_status":"open","sticky":false,"template":"","format":"standard","meta":[],"categories":[64,24,103,65],"tags":[],"_links":{"self":[{"href":"https:\/\/www.ifbaiano.edu.br\/unidades\/lapa\/wp-json\/wp\/v2\/posts\/23951"}],"collection":[{"href":"https:\/\/www.ifbaiano.edu.br\/unidades\/lapa\/wp-json\/wp\/v2\/posts"}],"about":[{"href":"https:\/\/www.ifbaiano.edu.br\/unidades\/lapa\/wp-json\/wp\/v2\/types\/post"}],"author":[{"embeddable":true,"href":"https:\/\/www.ifbaiano.edu.br\/unidades\/lapa\/wp-json\/wp\/v2\/users\/150"}],"replies":[{"embeddable":true,"href":"https:\/\/www.ifbaiano.edu.br\/unidades\/lapa\/wp-json\/wp\/v2\/comments?post=23951"}],"version-history":[{"count":3,"href":"https:\/\/www.ifbaiano.edu.br\/unidades\/lapa\/wp-json\/wp\/v2\/posts\/23951\/revisions"}],"predecessor-version":[{"id":25476,"href":"https:\/\/www.ifbaiano.edu.br\/unidades\/lapa\/wp-json\/wp\/v2\/posts\/23951\/revisions\/25476"}],"wp:attachment":[{"href":"https:\/\/www.ifbaiano.edu.br\/unidades\/lapa\/wp-json\/wp\/v2\/media?parent=23951"}],"wp:term":[{"taxonomy":"category","embeddable":true,"href":"https:\/\/www.ifbaiano.edu.br\/unidades\/lapa\/wp-json\/wp\/v2\/categories?post=23951"},{"taxonomy":"post_tag","embeddable":true,"href":"https:\/\/www.ifbaiano.edu.br\/unidades\/lapa\/wp-json\/wp\/v2\/tags?post=23951"}],"curies":[{"name":"wp","href":"https:\/\/api.w.org\/{rel}","templated":true}]}}