{"id":23962,"date":"2022-11-16T15:22:35","date_gmt":"2022-11-16T18:22:35","guid":{"rendered":"https:\/\/www.ifbaiano.edu.br\/unidades\/lapa\/?p=23962"},"modified":"2022-11-16T15:22:35","modified_gmt":"2022-11-16T18:22:35","slug":"chamada-publica-02-2022-pab-paa","status":"publish","type":"post","link":"https:\/\/www.ifbaiano.edu.br\/unidades\/lapa\/2022\/11\/16\/chamada-publica-02-2022-pab-paa\/","title":{"rendered":"Chamada P\u00fablica 02\/2022 \u2013 PAB (PAA)"},"content":{"rendered":"\n<p>O Instituto Federal Baiano \u2013 Campus Bom Jesus da Lapa torna p\u00fablico, para conhecimento dos interessados, que realizar\u00e1 a Chamada P\u00fablica N\u00ba 02\/2022.<\/p>\n\n\n\n<p><strong>Objeto:<\/strong> Aquisi\u00e7\u00e3o de g\u00eaneros aliment\u00edcios da agricultura familiar para atendimento ao Programa Alimenta Brasil &#8211; PAB, conforme as pe\u00e7as t\u00e9cnicas constantes no Instrumento Convocat\u00f3rio e seus anexos, partes integrantes desta Chamada P\u00fablica.<\/p>\n\n\n\n<p>O Edital encontra-se dispon\u00edvel na sede do Campus e no s\u00edtio https:\/\/www.ifbaiano.edu.br\/unidades\/lapa\/. <strong>Sess\u00e3o de abertura: 07\/12\/2022, \u00e0s 08h30<\/strong>, Hor\u00e1rio Local, na sede do Instituto Federal Baiano \u2013 Campus Bom Jesus da Lapa, localizado na BR 349, Km 14, Rodovia Bom Jesus da Lapa X Santa Maria da Vit\u00f3ria \u2013 Bahia.<\/p>\n\n\n\n<h2 class=\"wp-block-heading\">Documentos:<\/h2>\n\n\n\n<ul><li><a href=\"https:\/\/www.ifbaiano.edu.br\/unidades\/lapa\/files\/2022\/11\/EDITAL-PAB.pdf\" target=\"_blank\" rel=\"noreferrer noopener\">EDITAL &#8211; PAB<\/a><\/li><li><a href=\"https:\/\/www.ifbaiano.edu.br\/unidades\/lapa\/files\/2022\/11\/ANEXO-I-PROJETO-BASICO.pdf\" data-type=\"URL\" data-id=\"https:\/\/www.ifbaiano.edu.br\/unidades\/lapa\/files\/2022\/11\/ANEXO-I-PROJETO-BASICO.pdf\" target=\"_blank\" rel=\"noreferrer noopener\">ANEXO I &#8211; PROJETO B\u00c1SICO<\/a><\/li><li><a href=\"https:\/\/www.ifbaiano.edu.br\/unidades\/lapa\/files\/2022\/11\/ANEXO-II-Modelo.pdf\" data-type=\"URL\" data-id=\"https:\/\/www.ifbaiano.edu.br\/unidades\/lapa\/files\/2022\/11\/ANEXO-II-Modelo.pdf\" target=\"_blank\" rel=\"noreferrer noopener\">ANEXO II &#8211; Modelo<\/a><\/li><li><a href=\"https:\/\/www.ifbaiano.edu.br\/unidades\/lapa\/files\/2022\/11\/ANEXO-III-DECLARACAO-DE-ORIGEM-DE-PRODUTOS.pdf\" data-type=\"URL\" data-id=\"https:\/\/www.ifbaiano.edu.br\/unidades\/lapa\/files\/2022\/11\/ANEXO-III-DECLARACAO-DE-ORIGEM-DE-PRODUTOS.pdf\" target=\"_blank\" rel=\"noreferrer noopener\">ANEXO III &#8211; DECLARA\u00c7\u00c3O DE ORIGEM DE PRODUTOS<\/a><\/li><li><a href=\"https:\/\/www.ifbaiano.edu.br\/unidades\/lapa\/files\/2022\/11\/ANEXO-IV-TERMO-DE-RECEBIMENTO-1.pdf\" data-type=\"URL\" data-id=\"https:\/\/www.ifbaiano.edu.br\/unidades\/lapa\/files\/2022\/11\/ANEXO-IV-TERMO-DE-RECEBIMENTO-1.pdf\" target=\"_blank\" rel=\"noreferrer noopener\">ANEXO IV &#8211; TERMO DE RECEBIMENTO<\/a><\/li><li><a href=\"https:\/\/www.ifbaiano.edu.br\/unidades\/lapa\/files\/2022\/11\/ANEXO-V-DECLARACAO-DE-RESPONSABILIDADE-1.pdf\" data-type=\"URL\" data-id=\"https:\/\/www.ifbaiano.edu.br\/unidades\/lapa\/files\/2022\/11\/ANEXO-V-DECLARACAO-DE-RESPONSABILIDADE-1.pdf\" target=\"_blank\" rel=\"noreferrer noopener\">ANEXO V &#8211; DECLARA\u00c7\u00c3O DE RESPONSABILIDADE<\/a><\/li><li><a href=\"https:\/\/www.ifbaiano.edu.br\/unidades\/lapa\/files\/2022\/11\/ANEXO-VI-MINUTA-DE-TERMO-DE-CONTRATO.pdf\" data-type=\"URL\" data-id=\"https:\/\/www.ifbaiano.edu.br\/unidades\/lapa\/files\/2022\/11\/ANEXO-VI-MINUTA-DE-TERMO-DE-CONTRATO.pdf\" target=\"_blank\" rel=\"noreferrer noopener\">ANEXO VI &#8211; MINUTA DE TERMO DE CONTRATO<\/a><\/li><\/ul>\n","protected":false},"excerpt":{"rendered":"<p>O Instituto Federal Baiano \u2013 Campus Bom Jesus da Lapa torna p\u00fablico, para conhecimento dos interessados, que realizar\u00e1 a Chamada P\u00fablica N\u00ba 02\/2022. Objeto: Aquisi\u00e7\u00e3o de g\u00eaneros aliment\u00edcios da agricultura familiar para atendimento ao Programa Alimenta Brasil &#8211; PAB, conforme as pe\u00e7as t\u00e9cnicas constantes no Instrumento Convocat\u00f3rio e seus anexos, partes integrantes desta Chamada P\u00fablica. [&hellip;]<\/p>\n","protected":false},"author":150,"featured_media":0,"comment_status":"open","ping_status":"open","sticky":false,"template":"","format":"standard","meta":[],"categories":[64,24,103,65],"tags":[],"_links":{"self":[{"href":"https:\/\/www.ifbaiano.edu.br\/unidades\/lapa\/wp-json\/wp\/v2\/posts\/23962"}],"collection":[{"href":"https:\/\/www.ifbaiano.edu.br\/unidades\/lapa\/wp-json\/wp\/v2\/posts"}],"about":[{"href":"https:\/\/www.ifbaiano.edu.br\/unidades\/lapa\/wp-json\/wp\/v2\/types\/post"}],"author":[{"embeddable":true,"href":"https:\/\/www.ifbaiano.edu.br\/unidades\/lapa\/wp-json\/wp\/v2\/users\/150"}],"replies":[{"embeddable":true,"href":"https:\/\/www.ifbaiano.edu.br\/unidades\/lapa\/wp-json\/wp\/v2\/comments?post=23962"}],"version-history":[{"count":1,"href":"https:\/\/www.ifbaiano.edu.br\/unidades\/lapa\/wp-json\/wp\/v2\/posts\/23962\/revisions"}],"predecessor-version":[{"id":23971,"href":"https:\/\/www.ifbaiano.edu.br\/unidades\/lapa\/wp-json\/wp\/v2\/posts\/23962\/revisions\/23971"}],"wp:attachment":[{"href":"https:\/\/www.ifbaiano.edu.br\/unidades\/lapa\/wp-json\/wp\/v2\/media?parent=23962"}],"wp:term":[{"taxonomy":"category","embeddable":true,"href":"https:\/\/www.ifbaiano.edu.br\/unidades\/lapa\/wp-json\/wp\/v2\/categories?post=23962"},{"taxonomy":"post_tag","embeddable":true,"href":"https:\/\/www.ifbaiano.edu.br\/unidades\/lapa\/wp-json\/wp\/v2\/tags?post=23962"}],"curies":[{"name":"wp","href":"https:\/\/api.w.org\/{rel}","templated":true}]}}