{"id":23982,"date":"2022-11-17T08:56:20","date_gmt":"2022-11-17T11:56:20","guid":{"rendered":"https:\/\/www.ifbaiano.edu.br\/unidades\/lapa\/?p=23982"},"modified":"2022-11-23T08:54:35","modified_gmt":"2022-11-23T11:54:35","slug":"fic-lapa-outubro-2022","status":"publish","type":"post","link":"https:\/\/www.ifbaiano.edu.br\/unidades\/lapa\/2022\/11\/17\/fic-lapa-outubro-2022\/","title":{"rendered":"Cursos de Forma\u00e7\u00e3o Inicial e Continuada &#8211; FIC em 2022"},"content":{"rendered":"\n<blockquote class=\"wp-block-quote\"><p><em>A Forma\u00e7\u00e3o Inicial e Continuada \u2013 FIC consiste em cursos de qualifica\u00e7\u00e3o, de forma\u00e7\u00e3o e aperfei\u00e7oamento profissional, de curta dura\u00e7\u00e3o. Todos os cursos s\u00e3o gratuitos e n\u00e3o possuem taxa de inscri\u00e7\u00e3o.<\/em><\/p><\/blockquote>\n\n\n\n<h3 class=\"wp-block-heading\">Apresenta\u00e7\u00e3o<\/h3>\n\n\n\n<p>A Pr\u00f3-reitora de Extens\u00e3o do Instituto Federal de Educa\u00e7\u00e3o, Ci\u00eancia e Tecnologia Baiano, no uso das suas atribui\u00e7\u00f5es delegadas pela n\u00ba Portaria n\u00ba 883 de 31\/05\/2022, publicada no DOU 01\/06\/2022, torna p\u00fablica a abertura de inscri\u00e7\u00f5es no per\u00edodo estabelecido no cronograma deste edital, para provimento de vagas nos cursos de Qualifica\u00e7\u00e3o Profissional, na modalidade de Forma\u00e7\u00e3o Continuada \u2013 FIC que ser\u00e3o ofertados no Campus Bom Jesus da Lapa.<\/p>\n\n\n\n<h3 class=\"wp-block-heading\">Os cursos com vagas abertas s\u00e3o:<\/h3>\n\n\n\n<table id=\"tablepress-2\" class=\"tablepress tablepress-id-2\">\n<thead>\n<tr class=\"row-1 odd\">\n\t<th class=\"column-1\">Nome do Curso<\/th><th class=\"column-2\">Carga Hor\u00e1ria<\/th><th class=\"column-3\">Quantidade de Vagas<\/th>\n<\/tr>\n<\/thead>\n<tbody class=\"row-hover\">\n<tr class=\"row-2 even\">\n\t<td class=\"column-1\">Auxiliar de Biblioteca Escolar: Dinamiza\u00e7\u00e3o de Espa\u00e7os - EaD<\/td><td class=\"column-2\"> (40 horas)<\/td><td class=\"column-3\">20 vagas<\/td>\n<\/tr>\n<tr class=\"row-3 odd\">\n\t<td class=\"column-1\">Forma\u00e7\u00e3o de Profissionais da Educa\u00e7\u00e3o para Inclus\u00e3o Escolar: As Bases Pra Constru\u00e7\u00e3o de Uma Escola Inclusiva. EAD<\/td><td class=\"column-2\"> (20 Horas)<\/td><td class=\"column-3\">30 vagas<\/td>\n<\/tr>\n<tr class=\"row-4 even\">\n\t<td class=\"column-1\">T\u00f3picos Avan\u00e7ados em Metodologia Cient\u00edfica \u2013 Ensino Remoto<\/td><td class=\"column-2\">(20 horas)<\/td><td class=\"column-3\">30 vagas<\/td>\n<\/tr>\n<tr class=\"row-5 odd\">\n\t<td class=\"column-1\">Pesquisa Em Sala de Aula na Educa\u00e7\u00e3o B\u00e1sica<\/td><td class=\"column-2\">(100 Horas)<\/td><td class=\"column-3\">30 vagas<\/td>\n<\/tr>\n<tr class=\"row-6 even\">\n\t<td class=\"column-1\">Organiza\u00e7\u00e3o Associativista<\/td><td class=\"column-2\"> (50 horas)<\/td><td class=\"column-3\">40 vagas<\/td>\n<\/tr>\n<\/tbody>\n<\/table>\n\n\n\n\n<div style=\"height:12px\" aria-hidden=\"true\" class=\"wp-block-spacer\"><\/div>\n\n\n\n<h2 class=\"wp-block-heading\"><strong>Editais e Documentos<\/strong><\/h2>\n\n\n\n<ul><li><a href=\"https:\/\/www.ifbaiano.edu.br\/unidades\/lapa\/files\/2022\/11\/Cursos-FIC-RESULTADO-FINAL.pdf\" data-type=\"URL\" data-id=\"https:\/\/www.ifbaiano.edu.br\/unidades\/lapa\/files\/2022\/11\/Cursos-FIC-RESULTADO-FINAL.pdf\" target=\"_blank\" rel=\"noreferrer noopener\">Resultado Final (novidade)<\/a><\/li><li><a rel=\"noreferrer noopener\" href=\"https:\/\/www.ifbaiano.edu.br\/unidades\/lapa\/files\/2022\/11\/Cursos-FIC-RESULTADO-PRELIMINAR.pdf\" data-type=\"URL\" data-id=\"https:\/\/www.ifbaiano.edu.br\/unidades\/lapa\/files\/2022\/11\/Cursos-FIC-RESULTADO-PRELIMINAR.pdf\" target=\"_blank\">Resultado Preliminar<\/a><\/li><li><a href=\"https:\/\/concurso.ifbaiano.edu.br\/portal\/fic-lapa-outubro-2022\/wp-content\/uploads\/sites\/696\/2022\/11\/1a-retificacao-do-edital-no-194-de-31-de-outubro-de-2022.pdf\">1\u00aa Retifica\u00e7\u00e3o<\/a><\/li><li><a rel=\"noreferrer noopener\" href=\"https:\/\/concurso.ifbaiano.edu.br\/portal\/fic-lapa-outubro-2022\/wp-content\/uploads\/sites\/696\/2022\/10\/EDITAL-N%C2%B0194-DE-31-DE-OUTUBRO-DE-2022.pdf\" data-type=\"URL\" data-id=\"https:\/\/concurso.ifbaiano.edu.br\/portal\/fic-lapa-outubro-2022\/wp-content\/uploads\/sites\/696\/2022\/10\/EDITAL-N%C2%B0194-DE-31-DE-OUTUBRO-DE-2022.pdf\" target=\"_blank\">Edital N\u00b0 194<\/a><\/li><\/ul>\n\n\n\n<p><\/p>\n","protected":false},"excerpt":{"rendered":"<p>A Forma\u00e7\u00e3o Inicial e Continuada \u2013 FIC consiste em cursos de qualifica\u00e7\u00e3o, de forma\u00e7\u00e3o e aperfei\u00e7oamento profissional, de curta dura\u00e7\u00e3o. Todos os cursos s\u00e3o gratuitos e n\u00e3o possuem taxa de inscri\u00e7\u00e3o. Apresenta\u00e7\u00e3o A Pr\u00f3-reitora de Extens\u00e3o do Instituto Federal de Educa\u00e7\u00e3o, Ci\u00eancia e Tecnologia Baiano, no uso das suas atribui\u00e7\u00f5es delegadas pela n\u00ba Portaria n\u00ba [&hellip;]<\/p>\n","protected":false},"author":150,"featured_media":0,"comment_status":"closed","ping_status":"closed","sticky":false,"template":"","format":"standard","meta":[],"categories":[64,24,40,65],"tags":[],"_links":{"self":[{"href":"https:\/\/www.ifbaiano.edu.br\/unidades\/lapa\/wp-json\/wp\/v2\/posts\/23982"}],"collection":[{"href":"https:\/\/www.ifbaiano.edu.br\/unidades\/lapa\/wp-json\/wp\/v2\/posts"}],"about":[{"href":"https:\/\/www.ifbaiano.edu.br\/unidades\/lapa\/wp-json\/wp\/v2\/types\/post"}],"author":[{"embeddable":true,"href":"https:\/\/www.ifbaiano.edu.br\/unidades\/lapa\/wp-json\/wp\/v2\/users\/150"}],"replies":[{"embeddable":true,"href":"https:\/\/www.ifbaiano.edu.br\/unidades\/lapa\/wp-json\/wp\/v2\/comments?post=23982"}],"version-history":[{"count":4,"href":"https:\/\/www.ifbaiano.edu.br\/unidades\/lapa\/wp-json\/wp\/v2\/posts\/23982\/revisions"}],"predecessor-version":[{"id":23995,"href":"https:\/\/www.ifbaiano.edu.br\/unidades\/lapa\/wp-json\/wp\/v2\/posts\/23982\/revisions\/23995"}],"wp:attachment":[{"href":"https:\/\/www.ifbaiano.edu.br\/unidades\/lapa\/wp-json\/wp\/v2\/media?parent=23982"}],"wp:term":[{"taxonomy":"category","embeddable":true,"href":"https:\/\/www.ifbaiano.edu.br\/unidades\/lapa\/wp-json\/wp\/v2\/categories?post=23982"},{"taxonomy":"post_tag","embeddable":true,"href":"https:\/\/www.ifbaiano.edu.br\/unidades\/lapa\/wp-json\/wp\/v2\/tags?post=23982"}],"curies":[{"name":"wp","href":"https:\/\/api.w.org\/{rel}","templated":true}]}}