{"id":2433,"date":"2014-07-26T18:09:04","date_gmt":"2014-07-26T20:09:04","guid":{"rendered":"http:\/\/www.ifbaiano.edu.br\/unidades\/lapa\/?p=2433"},"modified":"2014-07-26T18:11:05","modified_gmt":"2014-07-26T20:11:05","slug":"atencao-periodo-de-rematriculas-e-reintegracao","status":"publish","type":"post","link":"https:\/\/www.ifbaiano.edu.br\/unidades\/lapa\/2014\/07\/26\/atencao-periodo-de-rematriculas-e-reintegracao\/","title":{"rendered":"Aten\u00e7\u00e3o! Per\u00edodo de Rematr\u00edculas e Reintegra\u00e7\u00e3o"},"content":{"rendered":"<p>Prezados alunos,<\/p>\n<p>informamos que as REMATR\u00cdCULAS e solicita\u00e7\u00f5es de REINTEGRA\u00c7\u00c3O AO CURSO para o per\u00edodo letivo 2014.2 ocorrer\u00e3o no per\u00edodo de 28\/07 a 11\/08\/14, na Secretaria de Registros Acad\u00eamicos.<\/p>\n<p><!--more--><\/p>\n<p>Fonte:\u00a0<strong>Secretaria de Registros Acad\u00eamicos<\/strong><\/p>\n<p>&nbsp;<\/p>\n","protected":false},"excerpt":{"rendered":"<p>Prezados alunos, informamos que as REMATR\u00cdCULAS e solicita\u00e7\u00f5es de REINTEGRA\u00c7\u00c3O AO CURSO para o per\u00edodo letivo 2014.2 ocorrer\u00e3o no per\u00edodo de 28\/07 a 11\/08\/14, na Secretaria de Registros Acad\u00eamicos.<\/p>\n","protected":false},"author":36,"featured_media":0,"comment_status":"open","ping_status":"open","sticky":false,"template":"","format":"standard","meta":[],"categories":[30],"tags":[],"_links":{"self":[{"href":"https:\/\/www.ifbaiano.edu.br\/unidades\/lapa\/wp-json\/wp\/v2\/posts\/2433"}],"collection":[{"href":"https:\/\/www.ifbaiano.edu.br\/unidades\/lapa\/wp-json\/wp\/v2\/posts"}],"about":[{"href":"https:\/\/www.ifbaiano.edu.br\/unidades\/lapa\/wp-json\/wp\/v2\/types\/post"}],"author":[{"embeddable":true,"href":"https:\/\/www.ifbaiano.edu.br\/unidades\/lapa\/wp-json\/wp\/v2\/users\/36"}],"replies":[{"embeddable":true,"href":"https:\/\/www.ifbaiano.edu.br\/unidades\/lapa\/wp-json\/wp\/v2\/comments?post=2433"}],"version-history":[{"count":4,"href":"https:\/\/www.ifbaiano.edu.br\/unidades\/lapa\/wp-json\/wp\/v2\/posts\/2433\/revisions"}],"predecessor-version":[{"id":2437,"href":"https:\/\/www.ifbaiano.edu.br\/unidades\/lapa\/wp-json\/wp\/v2\/posts\/2433\/revisions\/2437"}],"wp:attachment":[{"href":"https:\/\/www.ifbaiano.edu.br\/unidades\/lapa\/wp-json\/wp\/v2\/media?parent=2433"}],"wp:term":[{"taxonomy":"category","embeddable":true,"href":"https:\/\/www.ifbaiano.edu.br\/unidades\/lapa\/wp-json\/wp\/v2\/categories?post=2433"},{"taxonomy":"post_tag","embeddable":true,"href":"https:\/\/www.ifbaiano.edu.br\/unidades\/lapa\/wp-json\/wp\/v2\/tags?post=2433"}],"curies":[{"name":"wp","href":"https:\/\/api.w.org\/{rel}","templated":true}]}}