{"id":24540,"date":"2023-02-01T12:18:02","date_gmt":"2023-02-01T15:18:02","guid":{"rendered":"https:\/\/www.ifbaiano.edu.br\/unidades\/lapa\/?p=24540"},"modified":"2023-02-02T07:56:13","modified_gmt":"2023-02-02T10:56:13","slug":"convocacao-para-banca-de-heteroidentificacao","status":"publish","type":"post","link":"https:\/\/www.ifbaiano.edu.br\/unidades\/lapa\/2023\/02\/01\/convocacao-para-banca-de-heteroidentificacao\/","title":{"rendered":"Convoca\u00e7\u00e3o para Banca de Heteroidentifica\u00e7\u00e3o Cursos Integrados e Subsequentes 2023"},"content":{"rendered":"\n<p><\/p>\n\n\n\n<p><\/p>\n\n\n\n<figure class=\"wp-block-image\"><img decoding=\"async\" src=\"https:\/\/www.ifbaiano.edu.br\/unidades\/lapa\/files\/2023\/02\/Card-Bancas.png\" alt=\"\" \/><\/figure>\n\n\n\n<p><\/p>\n\n\n\n<p>Campus Bom Jesus da Lapa realiza banca de verifica\u00e7\u00e3o de autodeclara\u00e7\u00e3o \u00e9tnico-racial<\/p>\n\n\n\n<p>O IF Baiano Campus Bom Jesus da Lapa realizar\u00e1 entre os dias 02 e 07 de fevereiro de 2023 bancas de verifica\u00e7\u00e3o de autodeclara\u00e7\u00e3o \u00e9tnico-racial referente ao processo de ingresso de estudantes dos cursos Integrados e Subsequentes 2023 que optaram por concorrer \u00e0s vagas reservadas a&nbsp; pessoas pretas, pardas ou ind\u00edgenas. A rela\u00e7\u00e3o de convocados, local, datas e hor\u00e1rios est\u00e3o no endere\u00e7o eletr\u00f4nico https:\/\/www.ifbaiano.edu.br\/unidades\/lapa\/ingresso\/. As bancas fazem parte das etapas de sele\u00e7\u00e3o iniciada em novembro de 2022, e est\u00e3o em conformidade com a Resolu\u00e7\u00e3o 153\/2021 OS-CONSUP\/IFBAIANO, e Nota T\u00e9cnica 1\/2022 da Pr\u00f3 Reitoria de Ensino de 21 de dezembro de 2022 que tratam das Pol\u00edticas Afirmativas e Acesso \u00e0&nbsp; Reserva de Cotas no \u00e2mbito do IF Baiano.&nbsp;&nbsp;<\/p>\n\n\n\n<p>O n\u00famero de candidatos que ser\u00e3o avaliados pelas bancas de heteroidentifica\u00e7\u00e3o ser\u00e1 de at\u00e9 tr\u00eas vezes a quantidade de vagas ofertadas por curso. A classifica\u00e7\u00e3o do(a) candidato(a) ser\u00e1 considerada validada, nas reservas de vagas, no&nbsp; caso de o(a) candidato(a) atender ao crit\u00e9rio fenot\u00edpico ou, no caso de n\u00e3o atendimento do crit\u00e9rio, o(a) candidato(a) concorrer\u00e1 \u00e0s vagas destinadas \u00e0 ampla concorr\u00eancia.<\/p>\n\n\n\n<p>O (A) candidato(a) que n\u00e3o comparecer ao procedimento de heteroidentifica\u00e7\u00e3o ou cuja autodeclara\u00e7\u00e3o n\u00e3o for confirmada n\u00e3o ser\u00e1 eliminado(a) do processo seletivo e concorrer\u00e1 \u00e0s vagas destinadas \u00e0 ampla concorr\u00eancia. Os (as) candidatos (as) dever\u00e3o comparecer com anteced\u00eancia m\u00ednima de 15 minutos do hor\u00e1rio indicado nesta convoca\u00e7\u00e3o, munidos de documento de identifica\u00e7\u00e3o, e se menor de idade acompanhados de um respons\u00e1vel legal.<\/p>\n\n\n\n<p>A verifica\u00e7\u00e3o da heteroidentifica\u00e7\u00e3o acontecer\u00e1 por meio de entrevista PRESENCIAL e a mesma ser\u00e1 gravada em \u00e1udio e v\u00eddeo. N\u00e3o haver\u00e1 filmagem para os candidatos autodeclarados ind\u00edgenas. A grava\u00e7\u00e3o ser\u00e1 utilizada na an\u00e1lise de eventuais recursos interpostos pelos candidatos. Caber\u00e1 \u00e0s comiss\u00f5es receber, preenchido e assinado, o formul\u00e1rio de autodeclara\u00e7\u00e3o dos candidatos ind\u00edgenas e a documenta\u00e7\u00e3o comprobat\u00f3ria, a saber: Registro Administrativo de Nascimento de Ind\u00edgena (RANI) ou uma Declara\u00e7\u00e3o de Pertencimento \u00c9tnico, em via original, assinada por tr\u00eas representantes da comunidade, contendo n\u00famero de identidade, endere\u00e7o e telefone de contato.<\/p>\n\n\n\n<p>O (a) candidato (a) n\u00e3o poder\u00e1 alegar desconhecimento acerca da data, do hor\u00e1rio e do local de realiza\u00e7\u00e3o da entrevista, para fins de justificativa de sua aus\u00eancia. Excepcionalmente e por solicita\u00e7\u00e3o detalhadamente motivada pelo(a) candidato(a) ou pela necessidade do servi\u00e7o p\u00fablico, a aferi\u00e7\u00e3o da condi\u00e7\u00e3o de pessoa negra poder\u00e1 se dar no formato telepresencial, mediante utiliza\u00e7\u00e3o de recursos de tecnologia de comunica\u00e7\u00e3o.\u00a0 Enquadram-se como excepcionalidades, inicialmente, as situa\u00e7\u00f5es de doen\u00e7a do(a) candidato(a) que o(a) impossibilitem de deslocamento, e os casos de morte na fam\u00edlia (parentes de 1\u00b0 grau), resid\u00eancia e domic\u00edlio em outro munic\u00edpio, devidamente documentados, os quais ser\u00e3o analisados pela Comiss\u00e3o de heteroidentifica\u00e7\u00e3o Local, que o(s) deferir\u00e1 ou n\u00e3o. O candidato poder\u00e1 interpor recurso devidamente fundamentado contra o resultado, conforme prazo do edital.<\/p>\n\n\n\n<p><\/p>\n\n\n\n\n <p><a href=\"https:\/\/www.ifbaiano.edu.br\/unidades\/lapa\/files\/2023\/02\/Publicizacao-da-Banca-de-Heteroidentificacao.pdf\" target=\"_blank\" rel=\"noreferrer noopener\">Publiciza\u00e7\u00e3o da Banca de Heteroidentifica\u00e7\u00e3o<\/a><\/p>\n","protected":false},"excerpt":{"rendered":"<p>Campus Bom Jesus da Lapa realiza banca de verifica\u00e7\u00e3o de autodeclara\u00e7\u00e3o \u00e9tnico-racial O IF Baiano Campus Bom Jesus da Lapa realizar\u00e1 entre os dias 02 e 07 de fevereiro de 2023 bancas de verifica\u00e7\u00e3o de autodeclara\u00e7\u00e3o \u00e9tnico-racial referente ao processo de ingresso de estudantes dos cursos Integrados e Subsequentes 2023 que optaram por concorrer \u00e0s [&hellip;]<\/p>\n","protected":false},"author":165,"featured_media":24541,"comment_status":"open","ping_status":"open","sticky":true,"template":"","format":"standard","meta":[],"categories":[34,64,24,68,73,38,69,65],"tags":[],"_links":{"self":[{"href":"https:\/\/www.ifbaiano.edu.br\/unidades\/lapa\/wp-json\/wp\/v2\/posts\/24540"}],"collection":[{"href":"https:\/\/www.ifbaiano.edu.br\/unidades\/lapa\/wp-json\/wp\/v2\/posts"}],"about":[{"href":"https:\/\/www.ifbaiano.edu.br\/unidades\/lapa\/wp-json\/wp\/v2\/types\/post"}],"author":[{"embeddable":true,"href":"https:\/\/www.ifbaiano.edu.br\/unidades\/lapa\/wp-json\/wp\/v2\/users\/165"}],"replies":[{"embeddable":true,"href":"https:\/\/www.ifbaiano.edu.br\/unidades\/lapa\/wp-json\/wp\/v2\/comments?post=24540"}],"version-history":[{"count":4,"href":"https:\/\/www.ifbaiano.edu.br\/unidades\/lapa\/wp-json\/wp\/v2\/posts\/24540\/revisions"}],"predecessor-version":[{"id":24561,"href":"https:\/\/www.ifbaiano.edu.br\/unidades\/lapa\/wp-json\/wp\/v2\/posts\/24540\/revisions\/24561"}],"wp:featuredmedia":[{"embeddable":true,"href":"https:\/\/www.ifbaiano.edu.br\/unidades\/lapa\/wp-json\/wp\/v2\/media\/24541"}],"wp:attachment":[{"href":"https:\/\/www.ifbaiano.edu.br\/unidades\/lapa\/wp-json\/wp\/v2\/media?parent=24540"}],"wp:term":[{"taxonomy":"category","embeddable":true,"href":"https:\/\/www.ifbaiano.edu.br\/unidades\/lapa\/wp-json\/wp\/v2\/categories?post=24540"},{"taxonomy":"post_tag","embeddable":true,"href":"https:\/\/www.ifbaiano.edu.br\/unidades\/lapa\/wp-json\/wp\/v2\/tags?post=24540"}],"curies":[{"name":"wp","href":"https:\/\/api.w.org\/{rel}","templated":true}]}}