{"id":24575,"date":"2023-02-03T10:16:30","date_gmt":"2023-02-03T13:16:30","guid":{"rendered":"https:\/\/www.ifbaiano.edu.br\/unidades\/lapa\/?p=24575"},"modified":"2023-02-03T10:42:13","modified_gmt":"2023-02-03T13:42:13","slug":"comunicado-sobre-o-inicio-das-aulas-do-curso-superior-de-engenharia-agronomica-semestre-2022-2","status":"publish","type":"post","link":"https:\/\/www.ifbaiano.edu.br\/unidades\/lapa\/2023\/02\/03\/comunicado-sobre-o-inicio-das-aulas-do-curso-superior-de-engenharia-agronomica-semestre-2022-2\/","title":{"rendered":"COMUNICADO SOBRE O IN\u00cdCIO DAS AULAS DO CURSO SUPERIOR DE ENGENHARIA AGRON\u00d4MICA \u2013 SEMESTRE 2022.2"},"content":{"rendered":"\n<div class=\"wp-block-image\"><figure class=\"aligncenter size-full is-resized\"><img decoding=\"async\" loading=\"lazy\" src=\"https:\/\/www.ifbaiano.edu.br\/unidades\/lapa\/files\/2023\/02\/112529c6-f84b-4645-a03f-09be0ecdd125.jpg\" alt=\"\" class=\"wp-image-24576\" width=\"384\" height=\"384\" \/><\/figure><\/div>\n\n\n\n<p>A Coordena\u00e7\u00e3o do Curso Superior de Engenharia Agron\u00f4mica do IF Baiano \u2013 Campus Bom Jesus da Lapa tem a satisfa\u00e7\u00e3o de convidar toda a comunidade acad\u00eamica do Curso (alunos, professores e t\u00e9cnicos administrativos) para participarem das atividades referentes ao in\u00edcio do semestre 2022.2, a realizar-se no per\u00edodo de 6 a 8 de fevereiro de 2023.<\/p>\n\n\n\n<p><br>No dia 06 de fevereiro, a atividade \u00e9 voltada para todos os estudantes do curso e ser\u00e1 realizada no audit\u00f3rio do Campus, somente no turno matutino, n\u00e3o havendo nenhuma atividade\/aula no turno vespertino. Nos dias 07 e 08 de fevereiro, as atividades ser\u00e3o realizadas apenas para a turma ingressante 2022.2, na sala de videoconfer\u00eancia. As demais turmas ter\u00e3o aula normalmente, conforme hor\u00e1rios divulgados pela coordena\u00e7\u00e3o.<\/p>\n\n\n\n<p><br>Segue o arquivo com a programa\u00e7\u00e3o detalhada de atividades. Contamos com a participa\u00e7\u00e3o de todos(as)!<\/p>\n\n\n\n<div class=\"wp-block-file\"><a href=\"https:\/\/www.ifbaiano.edu.br\/unidades\/lapa\/files\/2023\/02\/PROGRAMACAO.pdf\"> Acesse aqui a Programa\u00e7\u00e3o<\/a><\/div>\n","protected":false},"excerpt":{"rendered":"<p>A Coordena\u00e7\u00e3o do Curso Superior de Engenharia Agron\u00f4mica do IF Baiano \u2013 Campus Bom Jesus da Lapa tem a satisfa\u00e7\u00e3o de convidar toda a comunidade acad\u00eamica do Curso (alunos, professores e t\u00e9cnicos administrativos) para participarem das atividades referentes ao in\u00edcio do semestre 2022.2, a realizar-se no per\u00edodo de 6 a 8 de fevereiro de 2023. [&hellip;]<\/p>\n","protected":false},"author":58,"featured_media":24576,"comment_status":"open","ping_status":"open","sticky":true,"template":"","format":"standard","meta":[],"categories":[64,113,24,65],"tags":[],"_links":{"self":[{"href":"https:\/\/www.ifbaiano.edu.br\/unidades\/lapa\/wp-json\/wp\/v2\/posts\/24575"}],"collection":[{"href":"https:\/\/www.ifbaiano.edu.br\/unidades\/lapa\/wp-json\/wp\/v2\/posts"}],"about":[{"href":"https:\/\/www.ifbaiano.edu.br\/unidades\/lapa\/wp-json\/wp\/v2\/types\/post"}],"author":[{"embeddable":true,"href":"https:\/\/www.ifbaiano.edu.br\/unidades\/lapa\/wp-json\/wp\/v2\/users\/58"}],"replies":[{"embeddable":true,"href":"https:\/\/www.ifbaiano.edu.br\/unidades\/lapa\/wp-json\/wp\/v2\/comments?post=24575"}],"version-history":[{"count":3,"href":"https:\/\/www.ifbaiano.edu.br\/unidades\/lapa\/wp-json\/wp\/v2\/posts\/24575\/revisions"}],"predecessor-version":[{"id":24580,"href":"https:\/\/www.ifbaiano.edu.br\/unidades\/lapa\/wp-json\/wp\/v2\/posts\/24575\/revisions\/24580"}],"wp:featuredmedia":[{"embeddable":true,"href":"https:\/\/www.ifbaiano.edu.br\/unidades\/lapa\/wp-json\/wp\/v2\/media\/24576"}],"wp:attachment":[{"href":"https:\/\/www.ifbaiano.edu.br\/unidades\/lapa\/wp-json\/wp\/v2\/media?parent=24575"}],"wp:term":[{"taxonomy":"category","embeddable":true,"href":"https:\/\/www.ifbaiano.edu.br\/unidades\/lapa\/wp-json\/wp\/v2\/categories?post=24575"},{"taxonomy":"post_tag","embeddable":true,"href":"https:\/\/www.ifbaiano.edu.br\/unidades\/lapa\/wp-json\/wp\/v2\/tags?post=24575"}],"curies":[{"name":"wp","href":"https:\/\/api.w.org\/{rel}","templated":true}]}}