{"id":24755,"date":"2023-02-28T16:31:08","date_gmt":"2023-02-28T19:31:08","guid":{"rendered":"https:\/\/www.ifbaiano.edu.br\/unidades\/lapa\/?p=24755"},"modified":"2023-02-28T16:37:56","modified_gmt":"2023-02-28T19:37:56","slug":"campus-bom-jesus-da-lapa-realiza-encontro-pedagogico-2023","status":"publish","type":"post","link":"https:\/\/www.ifbaiano.edu.br\/unidades\/lapa\/2023\/02\/28\/campus-bom-jesus-da-lapa-realiza-encontro-pedagogico-2023\/","title":{"rendered":"Campus Bom Jesus da Lapa realiza Encontro Pedag\u00f3gico 2023"},"content":{"rendered":"\n<p>Ocorreu hoje dia 27\/02 no audit\u00f3rio do IF Baiano Campus Bom Jesus da Lapa o Encontro Pedag\u00f3gico 2023. Essa atividade tem como objetivo proporcionar aos servidores um momento de acolhimento, descontra\u00e7\u00e3o e intera\u00e7\u00e3o al\u00e9m de promover um bate-papo sobre temas e proposi\u00e7\u00f5es importantes no contexto das atividades acad\u00eamicas. Os servidores t\u00e9cnicos administrativos e docentes puderam avaliar as a\u00e7\u00f5es de ensino, pesquisa e extens\u00e3o no sentido de repensar formas de ensinar e aprender ainda mais inclusivas, pautadas na diversidade sem perder de vista a qualidade dos servi\u00e7os prestados.<\/p>\n\n\n\n<div class=\"wp-block-columns is-layout-flex wp-container-4\">\n<div class=\"wp-block-column is-layout-flow\">\n<figure class=\"wp-block-image size-full is-resized\"><img decoding=\"async\" loading=\"lazy\" src=\"https:\/\/www.ifbaiano.edu.br\/unidades\/lapa\/files\/2023\/02\/IMG_2668-1.jpg\" alt=\"\" class=\"wp-image-24764\" width=\"267\" height=\"177\" \/><\/figure>\n<\/div>\n\n\n\n<div class=\"wp-block-column is-layout-flow\">\n<figure class=\"wp-block-image size-full\"><img decoding=\"async\" loading=\"lazy\" width=\"5184\" height=\"3456\" src=\"https:\/\/www.ifbaiano.edu.br\/unidades\/lapa\/files\/2023\/02\/IMG_2667-1.jpg\" alt=\"\" class=\"wp-image-24763\" \/><\/figure>\n<\/div>\n\n\n\n<div class=\"wp-block-column is-layout-flow\">\n<figure class=\"wp-block-image size-full\"><img decoding=\"async\" loading=\"lazy\" width=\"5184\" height=\"3456\" src=\"https:\/\/www.ifbaiano.edu.br\/unidades\/lapa\/files\/2023\/02\/IMG_2669.jpg\" alt=\"\" class=\"wp-image-24758\" \/><\/figure>\n<\/div>\n<\/div>\n\n\n\n<div class=\"wp-block-columns is-layout-flex wp-container-8\">\n<div class=\"wp-block-column is-layout-flow\">\n<figure class=\"wp-block-image size-full\"><img decoding=\"async\" loading=\"lazy\" width=\"5184\" height=\"3456\" src=\"https:\/\/www.ifbaiano.edu.br\/unidades\/lapa\/files\/2023\/02\/IMG_2673.jpg\" alt=\"\" class=\"wp-image-24761\" \/><\/figure>\n<\/div>\n\n\n\n<div class=\"wp-block-column is-layout-flow\">\n<figure class=\"wp-block-image size-full\"><img decoding=\"async\" loading=\"lazy\" width=\"5184\" height=\"3456\" src=\"https:\/\/www.ifbaiano.edu.br\/unidades\/lapa\/files\/2023\/02\/IMG_2672.jpg\" alt=\"\" class=\"wp-image-24760\" \/><\/figure>\n<\/div>\n\n\n\n<div class=\"wp-block-column is-layout-flow\">\n<figure class=\"wp-block-image size-full\"><img decoding=\"async\" loading=\"lazy\" width=\"5184\" height=\"3456\" src=\"https:\/\/www.ifbaiano.edu.br\/unidades\/lapa\/files\/2023\/02\/IMG_2671.jpg\" alt=\"\" class=\"wp-image-24759\" \/><\/figure>\n<\/div>\n<\/div>\n\n\n\n<div class=\"wp-block-columns is-layout-flex wp-container-10\">\n<div class=\"wp-block-column is-layout-flow\">\n<figure class=\"wp-block-image size-full is-resized\"><img decoding=\"async\" loading=\"lazy\" src=\"https:\/\/www.ifbaiano.edu.br\/unidades\/lapa\/files\/2023\/02\/WhatsApp-Image-2023-02-25-at-15.35.24.jpeg\" alt=\"\" class=\"wp-image-24762\" width=\"394\" height=\"700\" \/><\/figure>\n<\/div>\n<\/div>\n","protected":false},"excerpt":{"rendered":"<p>Ocorreu hoje dia 27\/02 no audit\u00f3rio do IF Baiano Campus Bom Jesus da Lapa o Encontro Pedag\u00f3gico 2023. Essa atividade tem como objetivo proporcionar aos servidores um momento de acolhimento, descontra\u00e7\u00e3o e intera\u00e7\u00e3o al\u00e9m de promover um bate-papo sobre temas e proposi\u00e7\u00f5es importantes no contexto das atividades acad\u00eamicas. Os servidores t\u00e9cnicos administrativos e docentes puderam [&hellip;]<\/p>\n","protected":false},"author":165,"featured_media":0,"comment_status":"open","ping_status":"open","sticky":false,"template":"","format":"standard","meta":[],"categories":[41,64,26,24,65],"tags":[],"_links":{"self":[{"href":"https:\/\/www.ifbaiano.edu.br\/unidades\/lapa\/wp-json\/wp\/v2\/posts\/24755"}],"collection":[{"href":"https:\/\/www.ifbaiano.edu.br\/unidades\/lapa\/wp-json\/wp\/v2\/posts"}],"about":[{"href":"https:\/\/www.ifbaiano.edu.br\/unidades\/lapa\/wp-json\/wp\/v2\/types\/post"}],"author":[{"embeddable":true,"href":"https:\/\/www.ifbaiano.edu.br\/unidades\/lapa\/wp-json\/wp\/v2\/users\/165"}],"replies":[{"embeddable":true,"href":"https:\/\/www.ifbaiano.edu.br\/unidades\/lapa\/wp-json\/wp\/v2\/comments?post=24755"}],"version-history":[{"count":5,"href":"https:\/\/www.ifbaiano.edu.br\/unidades\/lapa\/wp-json\/wp\/v2\/posts\/24755\/revisions"}],"predecessor-version":[{"id":24770,"href":"https:\/\/www.ifbaiano.edu.br\/unidades\/lapa\/wp-json\/wp\/v2\/posts\/24755\/revisions\/24770"}],"wp:attachment":[{"href":"https:\/\/www.ifbaiano.edu.br\/unidades\/lapa\/wp-json\/wp\/v2\/media?parent=24755"}],"wp:term":[{"taxonomy":"category","embeddable":true,"href":"https:\/\/www.ifbaiano.edu.br\/unidades\/lapa\/wp-json\/wp\/v2\/categories?post=24755"},{"taxonomy":"post_tag","embeddable":true,"href":"https:\/\/www.ifbaiano.edu.br\/unidades\/lapa\/wp-json\/wp\/v2\/tags?post=24755"}],"curies":[{"name":"wp","href":"https:\/\/api.w.org\/{rel}","templated":true}]}}