{"id":2476,"date":"2014-08-01T10:07:52","date_gmt":"2014-08-01T12:07:52","guid":{"rendered":"http:\/\/www.ifbaiano.edu.br\/unidades\/lapa\/?p=2476"},"modified":"2014-08-01T10:28:20","modified_gmt":"2014-08-01T12:28:20","slug":"curso-tecnico-em-agricultura-do-campus-bom-jesus-da-lapa-realiza-primeiro-estagio-de-vivencia","status":"publish","type":"post","link":"https:\/\/www.ifbaiano.edu.br\/unidades\/lapa\/2014\/08\/01\/curso-tecnico-em-agricultura-do-campus-bom-jesus-da-lapa-realiza-primeiro-estagio-de-vivencia\/","title":{"rendered":"Curso T\u00e9cnico em Agricultura do Campus Bom Jesus da Lapa realiza primeiro Est\u00e1gio de Viv\u00eancia"},"content":{"rendered":"<p>A turma de estudantes do Curso T\u00e9cnico em Agricultura Subsequente do Campus realizou nos dias 26 e 27 de julho, seu primeiro Est\u00e1gio de Viv\u00eancia.<\/p>\n<p><!--more--><\/p>\n<p>Nestes dois dias, participaram de atividades e viveram experi\u00eancias do cotidiano no Quilombo Barra de Parateca e no Assentamento Canabrava em Carinhanha. Esta atividade objetivou propiciar aos alunos construir conhecimentos a partir do contexto emp\u00edrico e construir uma observa\u00e7\u00e3o t\u00e9cnica contextualizada ao Territ\u00f3rio Velho Chico, com a supervis\u00e3o dos professores Davi da Costa, Heron Souza, M\u00e1rcio Alves e Jefferson S\u00e1.<\/p>\n<p>A recep\u00e7\u00e3o aos estudantes foi maravilhosa, cercada de carinho e aten\u00e7\u00e3o. As fam\u00edlias acolhedoras do Quilombo Barra de Parateca receberam grupos de estudantes para acompanhar o seu cotidiano nas ro\u00e7as, na pesca e nas atividades religiosas, sobretudo, as de matriz africana. Ap\u00f3s dormirem na casa destas fam\u00edlias acolhedoras, no dia seguinte, fomos igualmente recebidos pela comunidade do Assentamento Canabrava, onde os alunos puderam observar experi\u00eancias de revitaliza\u00e7\u00e3o de \u00e1reas degradas, de horticultura coletiva e do trabalho de assessoria t\u00e9cnica prestada em parceria com o Centro de Refer\u00eancia de Assist\u00eancia Social Rural do Munic\u00edpio.<\/p>\n<p>Confiram as fotos!<\/p>\n\n\t\t<style type=\"text\/css\">\n\t\t\t#gallery-1 {\n\t\t\t\tmargin: auto;\n\t\t\t}\n\t\t\t#gallery-1 .gallery-item {\n\t\t\t\tfloat: left;\n\t\t\t\tmargin-top: 10px;\n\t\t\t\ttext-align: center;\n\t\t\t\twidth: 50%;\n\t\t\t}\n\t\t\t#gallery-1 img {\n\t\t\t\tborder: 2px solid #cfcfcf;\n\t\t\t}\n\t\t\t#gallery-1 .gallery-caption {\n\t\t\t\tmargin-left: 0;\n\t\t\t}\n\t\t\t\/* see gallery_shortcode() in wp-includes\/media.php *\/\n\t\t<\/style>\n\t\t<div id='gallery-1' class='gallery galleryid-2476 gallery-columns-2 gallery-size-thumbnail'><dl class='gallery-item'>\n\t\t\t<dt class='gallery-icon landscape'>\n\t\t\t\t<a href='https:\/\/www.ifbaiano.edu.br\/unidades\/lapa\/files\/2014\/08\/foto1.jpg'><img width=\"150\" height=\"150\" src=\"https:\/\/www.ifbaiano.edu.br\/unidades\/lapa\/files\/2014\/08\/foto1-150x150.jpg\" class=\"attachment-thumbnail size-thumbnail\" alt=\"\" decoding=\"async\" loading=\"lazy\" \/><\/a>\n\t\t\t<\/dt><\/dl><dl class='gallery-item'>\n\t\t\t<dt class='gallery-icon landscape'>\n\t\t\t\t<a href='https:\/\/www.ifbaiano.edu.br\/unidades\/lapa\/files\/2014\/08\/foto2.jpg'><img width=\"150\" height=\"150\" src=\"https:\/\/www.ifbaiano.edu.br\/unidades\/lapa\/files\/2014\/08\/foto2-150x150.jpg\" class=\"attachment-thumbnail size-thumbnail\" alt=\"\" decoding=\"async\" loading=\"lazy\" \/><\/a>\n\t\t\t<\/dt><\/dl><br style=\"clear: both\" \/><dl class='gallery-item'>\n\t\t\t<dt class='gallery-icon landscape'>\n\t\t\t\t<a href='https:\/\/www.ifbaiano.edu.br\/unidades\/lapa\/files\/2014\/08\/foto3.jpg'><img width=\"150\" height=\"150\" src=\"https:\/\/www.ifbaiano.edu.br\/unidades\/lapa\/files\/2014\/08\/foto3-150x150.jpg\" class=\"attachment-thumbnail size-thumbnail\" alt=\"\" decoding=\"async\" loading=\"lazy\" \/><\/a>\n\t\t\t<\/dt><\/dl><dl class='gallery-item'>\n\t\t\t<dt class='gallery-icon landscape'>\n\t\t\t\t<a href='https:\/\/www.ifbaiano.edu.br\/unidades\/lapa\/files\/2014\/08\/foto4.jpg'><img width=\"150\" height=\"150\" src=\"https:\/\/www.ifbaiano.edu.br\/unidades\/lapa\/files\/2014\/08\/foto4-150x150.jpg\" class=\"attachment-thumbnail size-thumbnail\" alt=\"\" decoding=\"async\" loading=\"lazy\" \/><\/a>\n\t\t\t<\/dt><\/dl><br style=\"clear: both\" \/>\n\t\t<\/div>\n\n","protected":false},"excerpt":{"rendered":"<p>A turma de estudantes do Curso T\u00e9cnico em Agricultura Subsequente do Campus realizou nos dias 26 e 27 de julho, seu primeiro Est\u00e1gio de Viv\u00eancia.<\/p>\n","protected":false},"author":36,"featured_media":0,"comment_status":"open","ping_status":"open","sticky":false,"template":"","format":"standard","meta":[],"categories":[40],"tags":[],"_links":{"self":[{"href":"https:\/\/www.ifbaiano.edu.br\/unidades\/lapa\/wp-json\/wp\/v2\/posts\/2476"}],"collection":[{"href":"https:\/\/www.ifbaiano.edu.br\/unidades\/lapa\/wp-json\/wp\/v2\/posts"}],"about":[{"href":"https:\/\/www.ifbaiano.edu.br\/unidades\/lapa\/wp-json\/wp\/v2\/types\/post"}],"author":[{"embeddable":true,"href":"https:\/\/www.ifbaiano.edu.br\/unidades\/lapa\/wp-json\/wp\/v2\/users\/36"}],"replies":[{"embeddable":true,"href":"https:\/\/www.ifbaiano.edu.br\/unidades\/lapa\/wp-json\/wp\/v2\/comments?post=2476"}],"version-history":[{"count":4,"href":"https:\/\/www.ifbaiano.edu.br\/unidades\/lapa\/wp-json\/wp\/v2\/posts\/2476\/revisions"}],"predecessor-version":[{"id":2478,"href":"https:\/\/www.ifbaiano.edu.br\/unidades\/lapa\/wp-json\/wp\/v2\/posts\/2476\/revisions\/2478"}],"wp:attachment":[{"href":"https:\/\/www.ifbaiano.edu.br\/unidades\/lapa\/wp-json\/wp\/v2\/media?parent=2476"}],"wp:term":[{"taxonomy":"category","embeddable":true,"href":"https:\/\/www.ifbaiano.edu.br\/unidades\/lapa\/wp-json\/wp\/v2\/categories?post=2476"},{"taxonomy":"post_tag","embeddable":true,"href":"https:\/\/www.ifbaiano.edu.br\/unidades\/lapa\/wp-json\/wp\/v2\/tags?post=2476"}],"curies":[{"name":"wp","href":"https:\/\/api.w.org\/{rel}","templated":true}]}}