{"id":24794,"date":"2023-03-01T17:03:13","date_gmt":"2023-03-01T20:03:13","guid":{"rendered":"https:\/\/www.ifbaiano.edu.br\/unidades\/lapa\/?p=24794"},"modified":"2023-03-01T17:03:13","modified_gmt":"2023-03-01T20:03:13","slug":"if-baiano-campus-bom-jesus-da-lapa-realiza-semana-de-integracao-para-recepcionar-os-novos-estudantes-e-inaugurar-o-inicio-do-ano-letivo-de-2023-dos-cursos-integrados","status":"publish","type":"post","link":"https:\/\/www.ifbaiano.edu.br\/unidades\/lapa\/2023\/03\/01\/if-baiano-campus-bom-jesus-da-lapa-realiza-semana-de-integracao-para-recepcionar-os-novos-estudantes-e-inaugurar-o-inicio-do-ano-letivo-de-2023-dos-cursos-integrados\/","title":{"rendered":"IF Baiano Campus Bom Jesus da Lapa realiza semana de integra\u00e7\u00e3o para recepcionar os novos estudantes e inaugurar o in\u00edcio do ano letivo de 2023 dos cursos Integrados"},"content":{"rendered":"\n<p>Foi com muito entusiasmo que a equipe escolar e estudantes veteranos prepararam a recep\u00e7\u00e3o aos novos discentes no dia 01\/03\/2023. O dia foi marcado por boas vindas de gestores, servidores e colegas, com espa\u00e7o para selfies, poesia, dan\u00e7a, apresenta\u00e7\u00e3o do gr\u00eamio estudantil, explora\u00e7\u00e3o do espa\u00e7o escolar e mural contendo as expectativas dos novos discentes. A programa\u00e7\u00e3o continuar\u00e1 at\u00e9 dia 03\/03\/2023. Confira os registros fotogr\u00e1ficos do primeiro dia.<\/p>\n\n\n\n<figure class=\"wp-block-image size-full is-resized\"><img decoding=\"async\" loading=\"lazy\" src=\"https:\/\/www.ifbaiano.edu.br\/unidades\/lapa\/files\/2023\/03\/WhatsApp-Image-2023-03-01-at-16.20.28.jpeg\" alt=\"\" class=\"wp-image-24795\" width=\"618\" height=\"411\" \/><\/figure>\n\n\n\n<figure class=\"wp-block-image size-full is-resized\"><img decoding=\"async\" loading=\"lazy\" src=\"https:\/\/www.ifbaiano.edu.br\/unidades\/lapa\/files\/2023\/03\/WhatsApp-Image-2023-03-01-at-16.20.56.jpeg\" alt=\"\" class=\"wp-image-24796\" width=\"622\" height=\"414\" \/><\/figure>\n\n\n\n<figure class=\"wp-block-image size-full is-resized\"><img decoding=\"async\" loading=\"lazy\" src=\"https:\/\/www.ifbaiano.edu.br\/unidades\/lapa\/files\/2023\/03\/WhatsApp-Image-2023-03-01-at-16.21.28.jpeg\" alt=\"\" class=\"wp-image-24797\" width=\"631\" height=\"420\" \/><\/figure>\n\n\n\n<figure class=\"wp-block-image size-full is-resized\"><img decoding=\"async\" loading=\"lazy\" src=\"https:\/\/www.ifbaiano.edu.br\/unidades\/lapa\/files\/2023\/03\/WhatsApp-Image-2023-03-01-at-16.21.58.jpeg\" alt=\"\" class=\"wp-image-24798\" width=\"634\" height=\"422\" \/><\/figure>\n\n\n\n<figure class=\"wp-block-image size-full is-resized\"><img decoding=\"async\" loading=\"lazy\" src=\"https:\/\/www.ifbaiano.edu.br\/unidades\/lapa\/files\/2023\/03\/WhatsApp-Image-2023-03-01-at-16.22.55.jpeg\" alt=\"\" class=\"wp-image-24799\" width=\"639\" height=\"425\" \/><\/figure>\n\n\n\n<figure class=\"wp-block-image size-full is-resized\"><img decoding=\"async\" loading=\"lazy\" src=\"https:\/\/www.ifbaiano.edu.br\/unidades\/lapa\/files\/2023\/03\/WhatsApp-Image-2023-03-01-at-16.23.21.jpeg\" alt=\"\" class=\"wp-image-24800\" width=\"642\" height=\"427\" \/><\/figure>\n\n\n\n<figure class=\"wp-block-image size-full is-resized\"><img decoding=\"async\" loading=\"lazy\" src=\"https:\/\/www.ifbaiano.edu.br\/unidades\/lapa\/files\/2023\/03\/WhatsApp-Image-2023-03-01-at-16.23.48.jpeg\" alt=\"\" class=\"wp-image-24801\" width=\"647\" height=\"430\" \/><\/figure>\n\n\n\n<figure class=\"wp-block-image size-full is-resized\"><img decoding=\"async\" loading=\"lazy\" src=\"https:\/\/www.ifbaiano.edu.br\/unidades\/lapa\/files\/2023\/03\/WhatsApp-Image-2023-03-01-at-16.24.03.jpeg\" alt=\"\" class=\"wp-image-24802\" width=\"649\" height=\"432\" \/><\/figure>\n\n\n\n<figure class=\"wp-block-image size-full is-resized\"><img decoding=\"async\" loading=\"lazy\" src=\"https:\/\/www.ifbaiano.edu.br\/unidades\/lapa\/files\/2023\/03\/WhatsApp-Image-2023-03-01-at-16.24.39.jpeg\" alt=\"\" class=\"wp-image-24803\" width=\"662\" height=\"440\" \/><\/figure>\n","protected":false},"excerpt":{"rendered":"<p>Foi com muito entusiasmo que a equipe escolar e estudantes veteranos prepararam a recep\u00e7\u00e3o aos novos discentes no dia 01\/03\/2023. O dia foi marcado por boas vindas de gestores, servidores e colegas, com espa\u00e7o para selfies, poesia, dan\u00e7a, apresenta\u00e7\u00e3o do gr\u00eamio estudantil, explora\u00e7\u00e3o do espa\u00e7o escolar e mural contendo as expectativas dos novos discentes. A [&hellip;]<\/p>\n","protected":false},"author":165,"featured_media":0,"comment_status":"open","ping_status":"open","sticky":false,"template":"","format":"standard","meta":[],"categories":[115,64,68,65],"tags":[],"_links":{"self":[{"href":"https:\/\/www.ifbaiano.edu.br\/unidades\/lapa\/wp-json\/wp\/v2\/posts\/24794"}],"collection":[{"href":"https:\/\/www.ifbaiano.edu.br\/unidades\/lapa\/wp-json\/wp\/v2\/posts"}],"about":[{"href":"https:\/\/www.ifbaiano.edu.br\/unidades\/lapa\/wp-json\/wp\/v2\/types\/post"}],"author":[{"embeddable":true,"href":"https:\/\/www.ifbaiano.edu.br\/unidades\/lapa\/wp-json\/wp\/v2\/users\/165"}],"replies":[{"embeddable":true,"href":"https:\/\/www.ifbaiano.edu.br\/unidades\/lapa\/wp-json\/wp\/v2\/comments?post=24794"}],"version-history":[{"count":2,"href":"https:\/\/www.ifbaiano.edu.br\/unidades\/lapa\/wp-json\/wp\/v2\/posts\/24794\/revisions"}],"predecessor-version":[{"id":24819,"href":"https:\/\/www.ifbaiano.edu.br\/unidades\/lapa\/wp-json\/wp\/v2\/posts\/24794\/revisions\/24819"}],"wp:attachment":[{"href":"https:\/\/www.ifbaiano.edu.br\/unidades\/lapa\/wp-json\/wp\/v2\/media?parent=24794"}],"wp:term":[{"taxonomy":"category","embeddable":true,"href":"https:\/\/www.ifbaiano.edu.br\/unidades\/lapa\/wp-json\/wp\/v2\/categories?post=24794"},{"taxonomy":"post_tag","embeddable":true,"href":"https:\/\/www.ifbaiano.edu.br\/unidades\/lapa\/wp-json\/wp\/v2\/tags?post=24794"}],"curies":[{"name":"wp","href":"https:\/\/api.w.org\/{rel}","templated":true}]}}