{"id":24821,"date":"2023-03-04T07:27:21","date_gmt":"2023-03-04T10:27:21","guid":{"rendered":"https:\/\/www.ifbaiano.edu.br\/unidades\/lapa\/?p=24821"},"modified":"2023-03-04T07:27:22","modified_gmt":"2023-03-04T10:27:22","slug":"o-if-baiano-campus-bom-jesus-da-lapa-realizou-nesta-sexta-feira-a-ultima-etapa-das-atividades-da-semana-de-integracao-dos-cursos-tecnicos-em-agroecologia-agricultura-e-informatica-integrad","status":"publish","type":"post","link":"https:\/\/www.ifbaiano.edu.br\/unidades\/lapa\/2023\/03\/04\/o-if-baiano-campus-bom-jesus-da-lapa-realizou-nesta-sexta-feira-a-ultima-etapa-das-atividades-da-semana-de-integracao-dos-cursos-tecnicos-em-agroecologia-agricultura-e-informatica-integrad\/","title":{"rendered":"O  IF Baiano \u2013 Campus Bom Jesus da Lapa realizou nesta sexta-feira a \u00faltima etapa das atividades da Semana de Integra\u00e7\u00e3o dos Cursos T\u00e9cnicos em Agroecologia, Agricultura e Inform\u00e1tica Integrado \u2013  Per\u00edodo Letivo 2023."},"content":{"rendered":"\n<p>Com muita intera\u00e7\u00e3o, entusiasmo e expectativas para uma nova etapa formativa que se inicia, os novos estudantes visitaram as diferentes instala\u00e7\u00f5es e setores do Campus. Na oportunidade, apresentaram suas d\u00favidas e dialogaram sobre a din\u00e2mica institucional. As coordena\u00e7\u00f5es de curso apresentaram alguns pontos importantes do Projeto Pedag\u00f3gico de Curso com destaque para o perfil do egresso e proposta curricular. Os estudantes conheceram projetos de pesquisa e extens\u00e3o em andamento e visitaram o campo, o que permitiu um momento coletivo de descontra\u00e7\u00e3o e aprendizagens. Para muitos estudantes, esse foi um momento singular e importante para conhecer melhor a institui\u00e7\u00e3o e seus diferentes espa\u00e7os de atua\u00e7\u00e3o<\/p>\n\n\n\n<figure class=\"wp-block-image size-full is-resized\"><img decoding=\"async\" loading=\"lazy\" src=\"https:\/\/www.ifbaiano.edu.br\/unidades\/lapa\/files\/2023\/03\/WhatsApp-Image-2023-03-03-at-16.48.48.jpeg\" alt=\"\" class=\"wp-image-24822\" width=\"568\" height=\"426\" \/><\/figure>\n\n\n\n<figure class=\"wp-block-image size-full is-resized\"><img decoding=\"async\" loading=\"lazy\" src=\"https:\/\/www.ifbaiano.edu.br\/unidades\/lapa\/files\/2023\/03\/WhatsApp-Image-2023-03-03-at-16.49.07.jpeg\" alt=\"\" class=\"wp-image-24823\" width=\"575\" height=\"431\" \/><\/figure>\n\n\n\n<figure class=\"wp-block-image size-full is-resized\"><img decoding=\"async\" loading=\"lazy\" src=\"https:\/\/www.ifbaiano.edu.br\/unidades\/lapa\/files\/2023\/03\/WhatsApp-Image-2023-03-03-at-16.49.35.jpeg\" alt=\"\" class=\"wp-image-24824\" width=\"577\" height=\"433\" \/><\/figure>\n\n\n\n<figure class=\"wp-block-image size-full is-resized\"><img decoding=\"async\" loading=\"lazy\" src=\"https:\/\/www.ifbaiano.edu.br\/unidades\/lapa\/files\/2023\/03\/WhatsApp-Image-2023-03-03-at-16.49.57.jpeg\" alt=\"\" class=\"wp-image-24825\" width=\"581\" height=\"436\" \/><\/figure>\n\n\n\n<figure class=\"wp-block-image size-full is-resized\"><img decoding=\"async\" loading=\"lazy\" src=\"https:\/\/www.ifbaiano.edu.br\/unidades\/lapa\/files\/2023\/03\/WhatsApp-Image-2023-03-03-at-16.50.37.jpeg\" alt=\"\" class=\"wp-image-24826\" width=\"590\" height=\"443\" \/><\/figure>\n\n\n\n<figure class=\"wp-block-image size-full is-resized\"><img decoding=\"async\" loading=\"lazy\" src=\"https:\/\/www.ifbaiano.edu.br\/unidades\/lapa\/files\/2023\/03\/WhatsApp-Image-2023-03-03-at-16.51.01.jpeg\" alt=\"\" class=\"wp-image-24827\" width=\"600\" height=\"337\" \/><\/figure>\n\n\n\n<figure class=\"wp-block-image size-full is-resized\"><img decoding=\"async\" loading=\"lazy\" src=\"https:\/\/www.ifbaiano.edu.br\/unidades\/lapa\/files\/2023\/03\/WhatsApp-Image-2023-03-03-at-16.51.27.jpeg\" alt=\"\" class=\"wp-image-24828\" width=\"606\" height=\"340\" \/><\/figure>\n\n\n\n<figure class=\"wp-block-image size-full is-resized\"><img decoding=\"async\" loading=\"lazy\" src=\"https:\/\/www.ifbaiano.edu.br\/unidades\/lapa\/files\/2023\/03\/WhatsApp-Image-2023-03-03-at-16.52.17.jpeg\" alt=\"\" class=\"wp-image-24829\" width=\"615\" height=\"462\" \/><\/figure>\n\n\n\n<figure class=\"wp-block-image size-full is-resized\"><img decoding=\"async\" loading=\"lazy\" src=\"https:\/\/www.ifbaiano.edu.br\/unidades\/lapa\/files\/2023\/03\/WhatsApp-Image-2023-03-03-at-16.52.45.jpeg\" alt=\"\" class=\"wp-image-24830\" width=\"616\" height=\"462\" \/><\/figure>\n\n\n\n<figure class=\"wp-block-image size-full is-resized\"><img decoding=\"async\" loading=\"lazy\" src=\"https:\/\/www.ifbaiano.edu.br\/unidades\/lapa\/files\/2023\/03\/WhatsApp-Image-2023-03-03-at-16.53.24.jpeg\" alt=\"\" class=\"wp-image-24831\" width=\"619\" height=\"464\" \/><\/figure>\n\n\n\n<figure class=\"wp-block-image size-full is-resized\"><img decoding=\"async\" loading=\"lazy\" src=\"https:\/\/www.ifbaiano.edu.br\/unidades\/lapa\/files\/2023\/03\/WhatsApp-Image-2023-03-03-at-16.53.53.jpeg\" alt=\"\" class=\"wp-image-24832\" width=\"621\" height=\"466\" \/><\/figure>\n\n\n\n<figure class=\"wp-block-image size-full is-resized\"><img decoding=\"async\" loading=\"lazy\" src=\"https:\/\/www.ifbaiano.edu.br\/unidades\/lapa\/files\/2023\/03\/WhatsApp-Image-2023-03-03-at-17.02.08.jpeg\" alt=\"\" class=\"wp-image-24833\" width=\"622\" height=\"467\" \/><\/figure>\n\n\n\n<figure class=\"wp-block-image size-full is-resized\"><img decoding=\"async\" loading=\"lazy\" src=\"https:\/\/www.ifbaiano.edu.br\/unidades\/lapa\/files\/2023\/03\/WhatsApp-Image-2023-03-03-at-17.02.44.jpeg\" alt=\"\" class=\"wp-image-24834\" width=\"623\" height=\"468\" \/><\/figure>\n","protected":false},"excerpt":{"rendered":"<p>Com muita intera\u00e7\u00e3o, entusiasmo e expectativas para uma nova etapa formativa que se inicia, os novos estudantes visitaram as diferentes instala\u00e7\u00f5es e setores do Campus. Na oportunidade, apresentaram suas d\u00favidas e dialogaram sobre a din\u00e2mica institucional. As coordena\u00e7\u00f5es de curso apresentaram alguns pontos importantes do Projeto Pedag\u00f3gico de Curso com destaque para o perfil do [&hellip;]<\/p>\n","protected":false},"author":165,"featured_media":0,"comment_status":"open","ping_status":"open","sticky":false,"template":"","format":"standard","meta":[],"categories":[115,64,68,65],"tags":[],"_links":{"self":[{"href":"https:\/\/www.ifbaiano.edu.br\/unidades\/lapa\/wp-json\/wp\/v2\/posts\/24821"}],"collection":[{"href":"https:\/\/www.ifbaiano.edu.br\/unidades\/lapa\/wp-json\/wp\/v2\/posts"}],"about":[{"href":"https:\/\/www.ifbaiano.edu.br\/unidades\/lapa\/wp-json\/wp\/v2\/types\/post"}],"author":[{"embeddable":true,"href":"https:\/\/www.ifbaiano.edu.br\/unidades\/lapa\/wp-json\/wp\/v2\/users\/165"}],"replies":[{"embeddable":true,"href":"https:\/\/www.ifbaiano.edu.br\/unidades\/lapa\/wp-json\/wp\/v2\/comments?post=24821"}],"version-history":[{"count":1,"href":"https:\/\/www.ifbaiano.edu.br\/unidades\/lapa\/wp-json\/wp\/v2\/posts\/24821\/revisions"}],"predecessor-version":[{"id":24835,"href":"https:\/\/www.ifbaiano.edu.br\/unidades\/lapa\/wp-json\/wp\/v2\/posts\/24821\/revisions\/24835"}],"wp:attachment":[{"href":"https:\/\/www.ifbaiano.edu.br\/unidades\/lapa\/wp-json\/wp\/v2\/media?parent=24821"}],"wp:term":[{"taxonomy":"category","embeddable":true,"href":"https:\/\/www.ifbaiano.edu.br\/unidades\/lapa\/wp-json\/wp\/v2\/categories?post=24821"},{"taxonomy":"post_tag","embeddable":true,"href":"https:\/\/www.ifbaiano.edu.br\/unidades\/lapa\/wp-json\/wp\/v2\/tags?post=24821"}],"curies":[{"name":"wp","href":"https:\/\/api.w.org\/{rel}","templated":true}]}}