{"id":24841,"date":"2023-03-07T11:42:55","date_gmt":"2023-03-07T14:42:55","guid":{"rendered":"https:\/\/www.ifbaiano.edu.br\/unidades\/lapa\/?p=24841"},"modified":"2023-03-07T11:43:53","modified_gmt":"2023-03-07T14:43:53","slug":"a-roda-de-conversa-sim-elas-podem-mulheres-na-computacao-e-suas-historias-de-inspiracao","status":"publish","type":"post","link":"https:\/\/www.ifbaiano.edu.br\/unidades\/lapa\/2023\/03\/07\/a-roda-de-conversa-sim-elas-podem-mulheres-na-computacao-e-suas-historias-de-inspiracao\/","title":{"rendered":"A roda de conversa &#8211; Sim, Elas podem! Mulheres na Computa\u00e7\u00e3o e suas hist\u00f3rias de inspira\u00e7\u00e3o."},"content":{"rendered":"\n<p>&#8220;O IF Baiano &#8211;&nbsp;<em>Campus<\/em>&nbsp;Bom Jesus da Lapa realizar\u00e1 no dia&nbsp;08 de mar\u00e7o uma roda de conversa em homenagem ao dia Internacional da Mulher. A atividade faz parte da Semana de Integra\u00e7\u00e3o do Curso T\u00e9cnico em Inform\u00e1tica Subsequente, e tem como&nbsp;tema principal a hist\u00f3ria das mulheres na computa\u00e7\u00e3o. Com a participa\u00e7\u00e3o de docente e estudantes do curso, o di\u00e1logo&nbsp;ter\u00e1 como pauta: a experi\u00eancia&nbsp; docente na computa\u00e7\u00e3o e o lugar da mulher&nbsp;na&nbsp;tecnologia atrav\u00e9s da programa\u00e7\u00e3o e desenvolvimento de projetos. A roda de conversa&nbsp;\u00e9 um convite para a reflex\u00e3o coletiva:&nbsp;Sim, Elas podem! Mulheres na Computa\u00e7\u00e3o e suas hist\u00f3rias de inspira\u00e7\u00e3o.&#8221;<\/p>\n\n\n\n<figure class=\"wp-block-image size-full is-resized\"><img decoding=\"async\" loading=\"lazy\" src=\"https:\/\/www.ifbaiano.edu.br\/unidades\/lapa\/files\/2023\/03\/Card-Semana-de-Integracao-Dias-das-Mulheres.jpeg\" alt=\"\" class=\"wp-image-24842\" width=\"839\" height=\"839\" \/><\/figure>\n","protected":false},"excerpt":{"rendered":"<p>&#8220;O IF Baiano &#8211;&nbsp;Campus&nbsp;Bom Jesus da Lapa realizar\u00e1 no dia&nbsp;08 de mar\u00e7o uma roda de conversa em homenagem ao dia Internacional da Mulher. A atividade faz parte da Semana de Integra\u00e7\u00e3o do Curso T\u00e9cnico em Inform\u00e1tica Subsequente, e tem como&nbsp;tema principal a hist\u00f3ria das mulheres na computa\u00e7\u00e3o. Com a participa\u00e7\u00e3o de docente e estudantes do [&hellip;]<\/p>\n","protected":false},"author":165,"featured_media":0,"comment_status":"open","ping_status":"open","sticky":false,"template":"","format":"standard","meta":[],"categories":[115,64,24,65],"tags":[],"_links":{"self":[{"href":"https:\/\/www.ifbaiano.edu.br\/unidades\/lapa\/wp-json\/wp\/v2\/posts\/24841"}],"collection":[{"href":"https:\/\/www.ifbaiano.edu.br\/unidades\/lapa\/wp-json\/wp\/v2\/posts"}],"about":[{"href":"https:\/\/www.ifbaiano.edu.br\/unidades\/lapa\/wp-json\/wp\/v2\/types\/post"}],"author":[{"embeddable":true,"href":"https:\/\/www.ifbaiano.edu.br\/unidades\/lapa\/wp-json\/wp\/v2\/users\/165"}],"replies":[{"embeddable":true,"href":"https:\/\/www.ifbaiano.edu.br\/unidades\/lapa\/wp-json\/wp\/v2\/comments?post=24841"}],"version-history":[{"count":3,"href":"https:\/\/www.ifbaiano.edu.br\/unidades\/lapa\/wp-json\/wp\/v2\/posts\/24841\/revisions"}],"predecessor-version":[{"id":24845,"href":"https:\/\/www.ifbaiano.edu.br\/unidades\/lapa\/wp-json\/wp\/v2\/posts\/24841\/revisions\/24845"}],"wp:attachment":[{"href":"https:\/\/www.ifbaiano.edu.br\/unidades\/lapa\/wp-json\/wp\/v2\/media?parent=24841"}],"wp:term":[{"taxonomy":"category","embeddable":true,"href":"https:\/\/www.ifbaiano.edu.br\/unidades\/lapa\/wp-json\/wp\/v2\/categories?post=24841"},{"taxonomy":"post_tag","embeddable":true,"href":"https:\/\/www.ifbaiano.edu.br\/unidades\/lapa\/wp-json\/wp\/v2\/tags?post=24841"}],"curies":[{"name":"wp","href":"https:\/\/api.w.org\/{rel}","templated":true}]}}