{"id":24857,"date":"2023-03-08T10:23:50","date_gmt":"2023-03-08T13:23:50","guid":{"rendered":"https:\/\/www.ifbaiano.edu.br\/unidades\/lapa\/?p=24857"},"modified":"2023-03-08T11:19:05","modified_gmt":"2023-03-08T14:19:05","slug":"mesa-redonda-mulheres-no-ensino-na-pesquisa-e-na-extensao-experiencias-construidas-pelo-if-baiano-campus-bom-jesus-da-lapa","status":"publish","type":"post","link":"https:\/\/www.ifbaiano.edu.br\/unidades\/lapa\/2023\/03\/08\/mesa-redonda-mulheres-no-ensino-na-pesquisa-e-na-extensao-experiencias-construidas-pelo-if-baiano-campus-bom-jesus-da-lapa\/","title":{"rendered":"Mesa Redonda: Mulheres no ensino, na pesquisa e na extens\u00e3o: experi\u00eancias constru\u00eddas pelo IF Baiano Campus Bom Jesus da Lapa"},"content":{"rendered":"\n<p>Campus Bom Jesus da Lapa realizar\u00e1 mesa redonda com o tema \u201cMulheres no ensino, na pesquisa e na extens\u00e3o: experi\u00eancias constru\u00eddas pelo IF Baiano &#8211; Campus Bom Jesus da Lapa\u201d<\/p>\n\n\n\n<p>A Mesa Redonda: Mulheres no ensino, na pesquisa e na extens\u00e3o: experi\u00eancias constru\u00eddas pelo IF Baiano &#8211; Campus Bom Jesus da Lapa tem como objetivo geral socializar o trabalho desenvolvido nas a\u00e7\u00f5es integradas de ensino, pesquisa e extens\u00e3o, tendo como protagonistas as mulheres servidoras que atuam no Campus. A mesa \u00e9 voltada para servidores(a), alunos(as) e comunidade externa, e al\u00e9m de resgatar o papel das mulheres nesta tr\u00edade, perpassar\u00e1 pela discuss\u00e3o de conceitos fundantes ligados \u00e0s 3 \u00e1reas, al\u00e9m de socializar experi\u00eancias exitosas que v\u00eam sendo empreendidas nos \u00faltimos anos, tendo como base a inova\u00e7\u00e3o, a ci\u00eancia, a tecnologia e a criatividade.<br>Poder\u00e3o participar servidoras(es), alunas (os) e p\u00fablico externo em geral. As inscri\u00e7\u00f5es dever\u00e3o ser realizadas previamente no link:\u00a0<a rel=\"noreferrer noopener\" target=\"_blank\" href=\"https:\/\/suap.ifbaiano.edu.br\/eventos\/inscricao_publica\/899\">https:\/\/suap.ifbaiano.edu.br\/eventos\/inscricao_publica\/899<\/a><br>Refor\u00e7amos que o evento ser\u00e1 no formato presencial. Como n\u00e3o haver\u00e1 dispensa de aulas, os professores(as) que desejarem poder\u00e3o liberar e acompanhar as turmas para prestigiarem a referida atividade.<\/p>\n\n\n\n<figure class=\"wp-block-image size-full\"><img decoding=\"async\" loading=\"lazy\" width=\"1600\" height=\"1600\" src=\"https:\/\/www.ifbaiano.edu.br\/unidades\/lapa\/files\/2023\/03\/WhatsApp-Image-2023-03-08-at-09.27.15.jpeg\" alt=\"\" class=\"wp-image-24856\" \/><\/figure>\n","protected":false},"excerpt":{"rendered":"<p>Campus Bom Jesus da Lapa realizar\u00e1 mesa redonda com o tema \u201cMulheres no ensino, na pesquisa e na extens\u00e3o: experi\u00eancias constru\u00eddas pelo IF Baiano &#8211; Campus Bom Jesus da Lapa\u201d A Mesa Redonda: Mulheres no ensino, na pesquisa e na extens\u00e3o: experi\u00eancias constru\u00eddas pelo IF Baiano &#8211; Campus Bom Jesus da Lapa tem como objetivo [&hellip;]<\/p>\n","protected":false},"author":165,"featured_media":24856,"comment_status":"open","ping_status":"open","sticky":false,"template":"","format":"standard","meta":[],"categories":[115,64,24,65],"tags":[],"_links":{"self":[{"href":"https:\/\/www.ifbaiano.edu.br\/unidades\/lapa\/wp-json\/wp\/v2\/posts\/24857"}],"collection":[{"href":"https:\/\/www.ifbaiano.edu.br\/unidades\/lapa\/wp-json\/wp\/v2\/posts"}],"about":[{"href":"https:\/\/www.ifbaiano.edu.br\/unidades\/lapa\/wp-json\/wp\/v2\/types\/post"}],"author":[{"embeddable":true,"href":"https:\/\/www.ifbaiano.edu.br\/unidades\/lapa\/wp-json\/wp\/v2\/users\/165"}],"replies":[{"embeddable":true,"href":"https:\/\/www.ifbaiano.edu.br\/unidades\/lapa\/wp-json\/wp\/v2\/comments?post=24857"}],"version-history":[{"count":4,"href":"https:\/\/www.ifbaiano.edu.br\/unidades\/lapa\/wp-json\/wp\/v2\/posts\/24857\/revisions"}],"predecessor-version":[{"id":24861,"href":"https:\/\/www.ifbaiano.edu.br\/unidades\/lapa\/wp-json\/wp\/v2\/posts\/24857\/revisions\/24861"}],"wp:featuredmedia":[{"embeddable":true,"href":"https:\/\/www.ifbaiano.edu.br\/unidades\/lapa\/wp-json\/wp\/v2\/media\/24856"}],"wp:attachment":[{"href":"https:\/\/www.ifbaiano.edu.br\/unidades\/lapa\/wp-json\/wp\/v2\/media?parent=24857"}],"wp:term":[{"taxonomy":"category","embeddable":true,"href":"https:\/\/www.ifbaiano.edu.br\/unidades\/lapa\/wp-json\/wp\/v2\/categories?post=24857"},{"taxonomy":"post_tag","embeddable":true,"href":"https:\/\/www.ifbaiano.edu.br\/unidades\/lapa\/wp-json\/wp\/v2\/tags?post=24857"}],"curies":[{"name":"wp","href":"https:\/\/api.w.org\/{rel}","templated":true}]}}