{"id":2502,"date":"2014-08-07T11:54:45","date_gmt":"2014-08-07T13:54:45","guid":{"rendered":"http:\/\/www.ifbaiano.edu.br\/unidades\/lapa\/?p=2502"},"modified":"2014-08-07T11:54:45","modified_gmt":"2014-08-07T13:54:45","slug":"aviso-rematriculasreintegracao","status":"publish","type":"post","link":"https:\/\/www.ifbaiano.edu.br\/unidades\/lapa\/2014\/08\/07\/aviso-rematriculasreintegracao\/","title":{"rendered":"Aviso: rematr\u00edculas\/reintegra\u00e7\u00e3o"},"content":{"rendered":"<p>Prezados (as) discentes, informamos que as rematr\u00edculas e solicita\u00e7\u00f5es de reintegra\u00e7\u00e3o ao Curso para o per\u00edodo letivo 2014.2 v\u00e3o at\u00e9 11\/08 (segunda-feira).<\/p>\n<p><!--more--><\/p>\n<p>Os (As) interessados (as) devem procurar a Secret\u00e1ria Acad\u00eamica do Campus. Hor\u00e1rio de funcionamento: 07h30 \u00e0s 11h30 \/ 13h30 \u00e0s 17h30.<\/p>\n","protected":false},"excerpt":{"rendered":"<p>Prezados (as) discentes, informamos que as rematr\u00edculas e solicita\u00e7\u00f5es de reintegra\u00e7\u00e3o ao Curso para o per\u00edodo letivo 2014.2 v\u00e3o at\u00e9 11\/08 (segunda-feira).<\/p>\n","protected":false},"author":36,"featured_media":0,"comment_status":"open","ping_status":"open","sticky":false,"template":"","format":"standard","meta":[],"categories":[30],"tags":[],"_links":{"self":[{"href":"https:\/\/www.ifbaiano.edu.br\/unidades\/lapa\/wp-json\/wp\/v2\/posts\/2502"}],"collection":[{"href":"https:\/\/www.ifbaiano.edu.br\/unidades\/lapa\/wp-json\/wp\/v2\/posts"}],"about":[{"href":"https:\/\/www.ifbaiano.edu.br\/unidades\/lapa\/wp-json\/wp\/v2\/types\/post"}],"author":[{"embeddable":true,"href":"https:\/\/www.ifbaiano.edu.br\/unidades\/lapa\/wp-json\/wp\/v2\/users\/36"}],"replies":[{"embeddable":true,"href":"https:\/\/www.ifbaiano.edu.br\/unidades\/lapa\/wp-json\/wp\/v2\/comments?post=2502"}],"version-history":[{"count":1,"href":"https:\/\/www.ifbaiano.edu.br\/unidades\/lapa\/wp-json\/wp\/v2\/posts\/2502\/revisions"}],"predecessor-version":[{"id":2503,"href":"https:\/\/www.ifbaiano.edu.br\/unidades\/lapa\/wp-json\/wp\/v2\/posts\/2502\/revisions\/2503"}],"wp:attachment":[{"href":"https:\/\/www.ifbaiano.edu.br\/unidades\/lapa\/wp-json\/wp\/v2\/media?parent=2502"}],"wp:term":[{"taxonomy":"category","embeddable":true,"href":"https:\/\/www.ifbaiano.edu.br\/unidades\/lapa\/wp-json\/wp\/v2\/categories?post=2502"},{"taxonomy":"post_tag","embeddable":true,"href":"https:\/\/www.ifbaiano.edu.br\/unidades\/lapa\/wp-json\/wp\/v2\/tags?post=2502"}],"curies":[{"name":"wp","href":"https:\/\/api.w.org\/{rel}","templated":true}]}}