{"id":2511,"date":"2014-08-21T22:48:05","date_gmt":"2014-08-22T00:48:05","guid":{"rendered":"http:\/\/www.ifbaiano.edu.br\/unidades\/lapa\/?p=2511"},"modified":"2014-08-21T22:48:05","modified_gmt":"2014-08-22T00:48:05","slug":"congresso-debatera-educacao-profissional-trabalho-e-sustentabilidade","status":"publish","type":"post","link":"https:\/\/www.ifbaiano.edu.br\/unidades\/lapa\/2014\/08\/21\/congresso-debatera-educacao-profissional-trabalho-e-sustentabilidade\/","title":{"rendered":"Congresso debater\u00e1 Educa\u00e7\u00e3o Profissional, Trabalho e Sustentabilidade"},"content":{"rendered":"<p>Evento acontecer\u00e1 entre os dias 12 e 14 de setembro.<\/p>\n<p><!--more--><\/p>\n<p>No per\u00edodo de 12 a 14 de setembro, acontecer\u00e1 a 2\u00aa edi\u00e7\u00e3o do CONEA (Congresso Nacional de Ensino Agr\u00edcola), a 5\u00aa do CETASC (Congresso Estadual dos T\u00e9cnicos Agr\u00edcolas de Santa Catarina) e a 10\u00aa do ENEASC ( Encontro Estadual de Ensino Agr\u00edcola de Santa Catarina) no Centro de Conven\u00e7\u00f5es da Univille, em Joinville, sob a promo\u00e7\u00e3o do Instituto Federal de Educa\u00e7\u00e3o, Ci\u00eancia e Tecnologia Catarinense (IFC) \/ Campus Araquari IFC. Com o tema \u201cEduca\u00e7\u00e3o Profissional, Trabalho e Sustentabilidade\u201d, os eventos objetivam integrar os participantes e envolver as diversas institui\u00e7\u00f5es de ensino agr\u00edcola, entidades de classe dos profissionais e empresas do setor. Na programa\u00e7\u00e3o, minicursos, palestras, pain\u00e9is de discuss\u00e3o, sess\u00f5es de apresenta\u00e7\u00e3o de trabalhos e apresenta\u00e7\u00f5es culturais.<\/p>\n<p>Mais informa\u00e7\u00f5es:<\/p>\n<p>http:\/\/conea2014.araquari.ifc.edu.br\/<\/p>\n<p>Fonte: Ascom\/Reitoria<\/p>\n","protected":false},"excerpt":{"rendered":"<p>Evento acontecer\u00e1 entre os dias 12 e 14 de setembro.<\/p>\n","protected":false},"author":36,"featured_media":0,"comment_status":"open","ping_status":"open","sticky":false,"template":"","format":"standard","meta":[],"categories":[1],"tags":[],"_links":{"self":[{"href":"https:\/\/www.ifbaiano.edu.br\/unidades\/lapa\/wp-json\/wp\/v2\/posts\/2511"}],"collection":[{"href":"https:\/\/www.ifbaiano.edu.br\/unidades\/lapa\/wp-json\/wp\/v2\/posts"}],"about":[{"href":"https:\/\/www.ifbaiano.edu.br\/unidades\/lapa\/wp-json\/wp\/v2\/types\/post"}],"author":[{"embeddable":true,"href":"https:\/\/www.ifbaiano.edu.br\/unidades\/lapa\/wp-json\/wp\/v2\/users\/36"}],"replies":[{"embeddable":true,"href":"https:\/\/www.ifbaiano.edu.br\/unidades\/lapa\/wp-json\/wp\/v2\/comments?post=2511"}],"version-history":[{"count":2,"href":"https:\/\/www.ifbaiano.edu.br\/unidades\/lapa\/wp-json\/wp\/v2\/posts\/2511\/revisions"}],"predecessor-version":[{"id":2513,"href":"https:\/\/www.ifbaiano.edu.br\/unidades\/lapa\/wp-json\/wp\/v2\/posts\/2511\/revisions\/2513"}],"wp:attachment":[{"href":"https:\/\/www.ifbaiano.edu.br\/unidades\/lapa\/wp-json\/wp\/v2\/media?parent=2511"}],"wp:term":[{"taxonomy":"category","embeddable":true,"href":"https:\/\/www.ifbaiano.edu.br\/unidades\/lapa\/wp-json\/wp\/v2\/categories?post=2511"},{"taxonomy":"post_tag","embeddable":true,"href":"https:\/\/www.ifbaiano.edu.br\/unidades\/lapa\/wp-json\/wp\/v2\/tags?post=2511"}],"curies":[{"name":"wp","href":"https:\/\/api.w.org\/{rel}","templated":true}]}}