{"id":2514,"date":"2014-08-21T22:56:05","date_gmt":"2014-08-22T00:56:05","guid":{"rendered":"http:\/\/www.ifbaiano.edu.br\/unidades\/lapa\/?p=2514"},"modified":"2014-08-21T22:58:26","modified_gmt":"2014-08-22T00:58:26","slug":"lapprudes-realiza-primeiro-curso-de-cooperativismo-em-serra-do-ramalho","status":"publish","type":"post","link":"https:\/\/www.ifbaiano.edu.br\/unidades\/lapa\/2014\/08\/21\/lapprudes-realiza-primeiro-curso-de-cooperativismo-em-serra-do-ramalho\/","title":{"rendered":"LaPPRuDes realiza primeiro curso de Cooperativismo em Serra do Ramalho"},"content":{"rendered":"<p>Evento marcou o in\u00edcio das atividades atreladas ao aprendizado cooperativista.<\/p>\n<p><!--more--><\/p>\n<p>O Laborat\u00f3rio de Pol\u00edticas P\u00fablicas, Ruralidades e Desenvolvimento Territorial \u2013 LaPPRuDes, realizou no \u00faltimo s\u00e1bado, dia 16 de agosto de 2014, o primeiro curso de Cooperativismo em Serra do Ramalho. Esta forma\u00e7\u00e3o surgiu da demanda do grupo que constituir\u00e1 a Cooperativa de Agricultores Familiares de Serra do Ramalho \u2013 Serra da Ramalho, como foco na produ\u00e7\u00e3o agr\u00edcola e caprinocultura.<\/p>\n<p>Nesta primeira atividade foram discutidos os princ\u00edpios do cooperativismo, caminhos para o acesso e busca de informa\u00e7\u00f5es e capacita\u00e7\u00f5es e ficou acordado um novo encontro no pr\u00f3ximo dia 30 de agosto para a formaliza\u00e7\u00e3o da Cooperativa, com reda\u00e7\u00e3o da ata de cria\u00e7\u00e3o, vota\u00e7\u00e3o e aprova\u00e7\u00e3o do Estatuto e composi\u00e7\u00e3o do primeiro grupo gestor. Ao final da atividade, o grupo nos presenteou com um almo\u00e7o coletivo, reunindo professores, futuros cooperados e estagi\u00e1rios do LaPPRuDes, que inclusive, colaboraram com parte da forma\u00e7\u00e3o, realizando uma reflex\u00e3o sobre os s\u00edmbolos hist\u00f3ricos do Cooperativismo.<\/p>\n<p>O LaPPRuDes vem desenvolvendo atividades de forma\u00e7\u00e3o acerca do Associativismo. Esta foi a primeira atividade atrelada ao aprendizado Cooperativista. Estas a\u00e7\u00f5es contemplam o escopo do Projeto de Incuba\u00e7\u00e3o de Organiza\u00e7\u00f5es Cooperativas e Associativas, chamado projeto ECOA, que conta com a Coordena\u00e7\u00e3o dos professores Heron Ferreira Souza e Davi Silva da Costa e os estagi\u00e1rios do curso t\u00e9cnico subseq\u00fcente em Agricultura Vit\u00f3rio Ant\u00f4nio de Souza, Selma Ana Ferreira e Tassiane de Almeida.<\/p>\n\n\t\t<style type=\"text\/css\">\n\t\t\t#gallery-1 {\n\t\t\t\tmargin: auto;\n\t\t\t}\n\t\t\t#gallery-1 .gallery-item {\n\t\t\t\tfloat: left;\n\t\t\t\tmargin-top: 10px;\n\t\t\t\ttext-align: center;\n\t\t\t\twidth: 50%;\n\t\t\t}\n\t\t\t#gallery-1 img {\n\t\t\t\tborder: 2px solid #cfcfcf;\n\t\t\t}\n\t\t\t#gallery-1 .gallery-caption {\n\t\t\t\tmargin-left: 0;\n\t\t\t}\n\t\t\t\/* see gallery_shortcode() in wp-includes\/media.php *\/\n\t\t<\/style>\n\t\t<div id='gallery-1' class='gallery galleryid-2514 gallery-columns-2 gallery-size-thumbnail'><dl class='gallery-item'>\n\t\t\t<dt class='gallery-icon landscape'>\n\t\t\t\t<a href='https:\/\/www.ifbaiano.edu.br\/unidades\/lapa\/files\/2014\/08\/CAM00105.jpg'><img width=\"150\" height=\"150\" src=\"https:\/\/www.ifbaiano.edu.br\/unidades\/lapa\/files\/2014\/08\/CAM00105-150x150.jpg\" class=\"attachment-thumbnail size-thumbnail\" alt=\"\" decoding=\"async\" loading=\"lazy\" \/><\/a>\n\t\t\t<\/dt><\/dl><dl class='gallery-item'>\n\t\t\t<dt class='gallery-icon landscape'>\n\t\t\t\t<a href='https:\/\/www.ifbaiano.edu.br\/unidades\/lapa\/files\/2014\/08\/CAM00106.jpg'><img width=\"150\" height=\"150\" src=\"https:\/\/www.ifbaiano.edu.br\/unidades\/lapa\/files\/2014\/08\/CAM00106-150x150.jpg\" class=\"attachment-thumbnail size-thumbnail\" alt=\"\" decoding=\"async\" loading=\"lazy\" \/><\/a>\n\t\t\t<\/dt><\/dl><br style=\"clear: both\" \/><dl class='gallery-item'>\n\t\t\t<dt class='gallery-icon landscape'>\n\t\t\t\t<a href='https:\/\/www.ifbaiano.edu.br\/unidades\/lapa\/files\/2014\/08\/CAM00107.jpg'><img width=\"150\" height=\"150\" src=\"https:\/\/www.ifbaiano.edu.br\/unidades\/lapa\/files\/2014\/08\/CAM00107-150x150.jpg\" class=\"attachment-thumbnail size-thumbnail\" alt=\"\" decoding=\"async\" loading=\"lazy\" \/><\/a>\n\t\t\t<\/dt><\/dl>\n\t\t\t<br style='clear: both' \/>\n\t\t<\/div>\n\n<p>&nbsp;<\/p>\n","protected":false},"excerpt":{"rendered":"<p>Evento marcou o in\u00edcio das atividades atreladas ao aprendizado cooperativista.<\/p>\n","protected":false},"author":36,"featured_media":0,"comment_status":"open","ping_status":"open","sticky":false,"template":"","format":"standard","meta":[],"categories":[1],"tags":[],"_links":{"self":[{"href":"https:\/\/www.ifbaiano.edu.br\/unidades\/lapa\/wp-json\/wp\/v2\/posts\/2514"}],"collection":[{"href":"https:\/\/www.ifbaiano.edu.br\/unidades\/lapa\/wp-json\/wp\/v2\/posts"}],"about":[{"href":"https:\/\/www.ifbaiano.edu.br\/unidades\/lapa\/wp-json\/wp\/v2\/types\/post"}],"author":[{"embeddable":true,"href":"https:\/\/www.ifbaiano.edu.br\/unidades\/lapa\/wp-json\/wp\/v2\/users\/36"}],"replies":[{"embeddable":true,"href":"https:\/\/www.ifbaiano.edu.br\/unidades\/lapa\/wp-json\/wp\/v2\/comments?post=2514"}],"version-history":[{"count":3,"href":"https:\/\/www.ifbaiano.edu.br\/unidades\/lapa\/wp-json\/wp\/v2\/posts\/2514\/revisions"}],"predecessor-version":[{"id":2516,"href":"https:\/\/www.ifbaiano.edu.br\/unidades\/lapa\/wp-json\/wp\/v2\/posts\/2514\/revisions\/2516"}],"wp:attachment":[{"href":"https:\/\/www.ifbaiano.edu.br\/unidades\/lapa\/wp-json\/wp\/v2\/media?parent=2514"}],"wp:term":[{"taxonomy":"category","embeddable":true,"href":"https:\/\/www.ifbaiano.edu.br\/unidades\/lapa\/wp-json\/wp\/v2\/categories?post=2514"},{"taxonomy":"post_tag","embeddable":true,"href":"https:\/\/www.ifbaiano.edu.br\/unidades\/lapa\/wp-json\/wp\/v2\/tags?post=2514"}],"curies":[{"name":"wp","href":"https:\/\/api.w.org\/{rel}","templated":true}]}}