{"id":25182,"date":"2023-04-14T14:38:43","date_gmt":"2023-04-14T17:38:43","guid":{"rendered":"https:\/\/www.ifbaiano.edu.br\/unidades\/lapa\/?p=25182"},"modified":"2023-04-14T14:38:44","modified_gmt":"2023-04-14T17:38:44","slug":"projeto-if-de-olhos-abertos","status":"publish","type":"post","link":"https:\/\/www.ifbaiano.edu.br\/unidades\/lapa\/2023\/04\/14\/projeto-if-de-olhos-abertos\/","title":{"rendered":"Projeto IF de Olhos Abertos"},"content":{"rendered":"\n<p>O N\u00facleo de Atendimento \u00e0s Pessoas com Necessidades Espec\u00edficas (NAPNE), em parceria com o Programa de Aten\u00e7\u00e3o Integral \u00e0 Sa\u00fade (Pro-Sa\u00fade) e o N\u00facleo de Apoio ao Processo de Ensino e Aprendizagem, Perman\u00eancia e \u00caxito do Educando (NUAPE), realizaram no dia&nbsp;13\/04\/2023&nbsp;mais uma a\u00e7\u00e3o do \u201cProjeto IF de Olhos Abertos\u201d, com as turmas dos primeiros anos dos Cursos T\u00e9cnicos Integrado ao Ensino M\u00e9dio que ingressaram em 2023.<\/p>\n\n\n\n<p>O Projeto foi iniciado em 2019 com o objetivo de contribuir para melhoria do processo ensino\/aprendizagem, a partir da preven\u00e7\u00e3o, identifica\u00e7\u00e3o e corre\u00e7\u00e3o de problemas visuais em educandos matriculados nos cursos t\u00e9cnicos integrados ao ensino m\u00e9dio do Instituto Federal Baiano Campus Bom Jesus da Lapa.<\/p>\n\n\n\n<figure class=\"wp-block-image size-full\"><img decoding=\"async\" loading=\"lazy\" width=\"1000\" height=\"1500\" src=\"https:\/\/www.ifbaiano.edu.br\/unidades\/lapa\/files\/2023\/04\/Imagens-do-Projeto-IF-de-Olhos-Abertos-2023.jpeg\" alt=\"\" class=\"wp-image-25183\" \/><\/figure>\n","protected":false},"excerpt":{"rendered":"<p>O N\u00facleo de Atendimento \u00e0s Pessoas com Necessidades Espec\u00edficas (NAPNE), em parceria com o Programa de Aten\u00e7\u00e3o Integral \u00e0 Sa\u00fade (Pro-Sa\u00fade) e o N\u00facleo de Apoio ao Processo de Ensino e Aprendizagem, Perman\u00eancia e \u00caxito do Educando (NUAPE), realizaram no dia&nbsp;13\/04\/2023&nbsp;mais uma a\u00e7\u00e3o do \u201cProjeto IF de Olhos Abertos\u201d, com as turmas dos primeiros anos [&hellip;]<\/p>\n","protected":false},"author":165,"featured_media":25183,"comment_status":"open","ping_status":"open","sticky":false,"template":"","format":"standard","meta":[],"categories":[115,64,24,65],"tags":[],"_links":{"self":[{"href":"https:\/\/www.ifbaiano.edu.br\/unidades\/lapa\/wp-json\/wp\/v2\/posts\/25182"}],"collection":[{"href":"https:\/\/www.ifbaiano.edu.br\/unidades\/lapa\/wp-json\/wp\/v2\/posts"}],"about":[{"href":"https:\/\/www.ifbaiano.edu.br\/unidades\/lapa\/wp-json\/wp\/v2\/types\/post"}],"author":[{"embeddable":true,"href":"https:\/\/www.ifbaiano.edu.br\/unidades\/lapa\/wp-json\/wp\/v2\/users\/165"}],"replies":[{"embeddable":true,"href":"https:\/\/www.ifbaiano.edu.br\/unidades\/lapa\/wp-json\/wp\/v2\/comments?post=25182"}],"version-history":[{"count":1,"href":"https:\/\/www.ifbaiano.edu.br\/unidades\/lapa\/wp-json\/wp\/v2\/posts\/25182\/revisions"}],"predecessor-version":[{"id":25184,"href":"https:\/\/www.ifbaiano.edu.br\/unidades\/lapa\/wp-json\/wp\/v2\/posts\/25182\/revisions\/25184"}],"wp:featuredmedia":[{"embeddable":true,"href":"https:\/\/www.ifbaiano.edu.br\/unidades\/lapa\/wp-json\/wp\/v2\/media\/25183"}],"wp:attachment":[{"href":"https:\/\/www.ifbaiano.edu.br\/unidades\/lapa\/wp-json\/wp\/v2\/media?parent=25182"}],"wp:term":[{"taxonomy":"category","embeddable":true,"href":"https:\/\/www.ifbaiano.edu.br\/unidades\/lapa\/wp-json\/wp\/v2\/categories?post=25182"},{"taxonomy":"post_tag","embeddable":true,"href":"https:\/\/www.ifbaiano.edu.br\/unidades\/lapa\/wp-json\/wp\/v2\/tags?post=25182"}],"curies":[{"name":"wp","href":"https:\/\/api.w.org\/{rel}","templated":true}]}}