{"id":25188,"date":"2023-04-17T11:16:11","date_gmt":"2023-04-17T14:16:11","guid":{"rendered":"https:\/\/www.ifbaiano.edu.br\/unidades\/lapa\/?p=25188"},"modified":"2023-04-17T11:17:21","modified_gmt":"2023-04-17T14:17:21","slug":"edital-paise-2023-1","status":"publish","type":"post","link":"https:\/\/www.ifbaiano.edu.br\/unidades\/lapa\/2023\/04\/17\/edital-paise-2023-1\/","title":{"rendered":"Publicado agendamento com dia e hor\u00e1rio para entrevista com Assistente Social para sele\u00e7\u00e3o do EDITAL PAISE 2023.1"},"content":{"rendered":"\n<p>Publicado agendamento com dia e hor\u00e1rio para entrevista com Assistente Social para sele\u00e7\u00e3o do EDITAL PAISE 2023.1<br>Local: Sala da Assistente Social Cyntia Gusm\u00e3o.<br><strong>OBS: AS ENTREVISTAS COME\u00c7AM AMANH\u00c3 DIA 18\/04<\/strong><\/p>\n\n\n\n<p><a href=\"https:\/\/www.ifbaiano.edu.br\/unidades\/lapa\/files\/2023\/04\/Entrevista-PAISE-2023_-PUBLICACAO.pdf\">Lista de Alunos e Agendamento de Entrevista EDITAL PAISE N\u00ba 17\/2023<\/a><\/p>\n","protected":false},"excerpt":{"rendered":"<p>Publicado agendamento com dia e hor\u00e1rio para entrevista com Assistente Social para sele\u00e7\u00e3o do EDITAL PAISE 2023.1Local: Sala da Assistente Social Cyntia Gusm\u00e3o.OBS: AS ENTREVISTAS COME\u00c7AM AMANH\u00c3 DIA 18\/04 Lista de Alunos e Agendamento de Entrevista EDITAL PAISE N\u00ba 17\/2023<\/p>\n","protected":false},"author":165,"featured_media":0,"comment_status":"open","ping_status":"open","sticky":false,"template":"","format":"standard","meta":[],"categories":[32,115,64,24,65],"tags":[],"_links":{"self":[{"href":"https:\/\/www.ifbaiano.edu.br\/unidades\/lapa\/wp-json\/wp\/v2\/posts\/25188"}],"collection":[{"href":"https:\/\/www.ifbaiano.edu.br\/unidades\/lapa\/wp-json\/wp\/v2\/posts"}],"about":[{"href":"https:\/\/www.ifbaiano.edu.br\/unidades\/lapa\/wp-json\/wp\/v2\/types\/post"}],"author":[{"embeddable":true,"href":"https:\/\/www.ifbaiano.edu.br\/unidades\/lapa\/wp-json\/wp\/v2\/users\/165"}],"replies":[{"embeddable":true,"href":"https:\/\/www.ifbaiano.edu.br\/unidades\/lapa\/wp-json\/wp\/v2\/comments?post=25188"}],"version-history":[{"count":3,"href":"https:\/\/www.ifbaiano.edu.br\/unidades\/lapa\/wp-json\/wp\/v2\/posts\/25188\/revisions"}],"predecessor-version":[{"id":25192,"href":"https:\/\/www.ifbaiano.edu.br\/unidades\/lapa\/wp-json\/wp\/v2\/posts\/25188\/revisions\/25192"}],"wp:attachment":[{"href":"https:\/\/www.ifbaiano.edu.br\/unidades\/lapa\/wp-json\/wp\/v2\/media?parent=25188"}],"wp:term":[{"taxonomy":"category","embeddable":true,"href":"https:\/\/www.ifbaiano.edu.br\/unidades\/lapa\/wp-json\/wp\/v2\/categories?post=25188"},{"taxonomy":"post_tag","embeddable":true,"href":"https:\/\/www.ifbaiano.edu.br\/unidades\/lapa\/wp-json\/wp\/v2\/tags?post=25188"}],"curies":[{"name":"wp","href":"https:\/\/api.w.org\/{rel}","templated":true}]}}