{"id":25237,"date":"2023-04-27T10:49:15","date_gmt":"2023-04-27T13:49:15","guid":{"rendered":"https:\/\/www.ifbaiano.edu.br\/unidades\/lapa\/?p=25237"},"modified":"2023-04-27T10:49:15","modified_gmt":"2023-04-27T13:49:15","slug":"aberto-o-periodo-para-submissoes-de-trabalhos-na-revista-trilhas-do-if-baiano","status":"publish","type":"post","link":"https:\/\/www.ifbaiano.edu.br\/unidades\/lapa\/2023\/04\/27\/aberto-o-periodo-para-submissoes-de-trabalhos-na-revista-trilhas-do-if-baiano\/","title":{"rendered":"ABERTO O PER\u00cdODO PARA SUBMISS\u00d5ES DE TRABALHOS NA REVISTA TRILHAS DO IF BAIANO"},"content":{"rendered":"\n<figure class=\"wp-block-image size-full\"><img decoding=\"async\" loading=\"lazy\" width=\"856\" height=\"856\" src=\"https:\/\/www.ifbaiano.edu.br\/unidades\/lapa\/files\/2023\/04\/WhatsApp-Image-2023-04-27-at-09.28.24.jpeg\" alt=\"\" class=\"wp-image-25236\" \/><\/figure>\n\n\n\n<p>A Pr\u00f3-Reitoria de Extens\u00e3o do IF Baiano informa que nova edi\u00e7\u00e3o da Revista Trilhas ser\u00e1 publicada e seu artigo pode fazer parte dela! O prazo para submiss\u00e3o est\u00e1 aberto at\u00e9 o dia 30 de abril e voc\u00ea pode participar, sendo ou n\u00e3o do IF Baiano. A edi\u00e7\u00e3o tem previs\u00e3o de lan\u00e7amento para 5 de junho. Os campos de estudo priorizados pela revista s\u00e3o: Agroecologia, Ci\u00eancia e Tecnologia de Alimentos, Educa\u00e7\u00e3o do Campo, Educa\u00e7\u00e3o Ambiental, Diversidade, Pol\u00edticas P\u00fablicas, Economia Solid\u00e1ria, Estudos Agr\u00e1rios, Trabalho e Educa\u00e7\u00e3o e estudos de car\u00e1ter interdisciplinar. S\u00e3o muitas as possibilidades, hein?! Ficou interessado (a)? Acesse a plataforma da revista, consulte as orienta\u00e7\u00f5es para autores(as).<\/p>\n\n\n\n<p>Link da plataforma: <a href=\"https:\/\/periodicos.ifbaiano.edu.br\/index.php\/trilhas\">https:\/\/periodicos.ifbaiano.edu.br\/index.php\/trilhas<\/a><\/p>\n\n\n\n<p><\/p>\n\n\n\n<p><\/p>\n","protected":false},"excerpt":{"rendered":"<p>A Pr\u00f3-Reitoria de Extens\u00e3o do IF Baiano informa que nova edi\u00e7\u00e3o da Revista Trilhas ser\u00e1 publicada e seu artigo pode fazer parte dela! O prazo para submiss\u00e3o est\u00e1 aberto at\u00e9 o dia 30 de abril e voc\u00ea pode participar, sendo ou n\u00e3o do IF Baiano. A edi\u00e7\u00e3o tem previs\u00e3o de lan\u00e7amento para 5 de junho. [&hellip;]<\/p>\n","protected":false},"author":165,"featured_media":25236,"comment_status":"open","ping_status":"open","sticky":false,"template":"","format":"standard","meta":[],"categories":[115,64,40,65],"tags":[],"_links":{"self":[{"href":"https:\/\/www.ifbaiano.edu.br\/unidades\/lapa\/wp-json\/wp\/v2\/posts\/25237"}],"collection":[{"href":"https:\/\/www.ifbaiano.edu.br\/unidades\/lapa\/wp-json\/wp\/v2\/posts"}],"about":[{"href":"https:\/\/www.ifbaiano.edu.br\/unidades\/lapa\/wp-json\/wp\/v2\/types\/post"}],"author":[{"embeddable":true,"href":"https:\/\/www.ifbaiano.edu.br\/unidades\/lapa\/wp-json\/wp\/v2\/users\/165"}],"replies":[{"embeddable":true,"href":"https:\/\/www.ifbaiano.edu.br\/unidades\/lapa\/wp-json\/wp\/v2\/comments?post=25237"}],"version-history":[{"count":3,"href":"https:\/\/www.ifbaiano.edu.br\/unidades\/lapa\/wp-json\/wp\/v2\/posts\/25237\/revisions"}],"predecessor-version":[{"id":25240,"href":"https:\/\/www.ifbaiano.edu.br\/unidades\/lapa\/wp-json\/wp\/v2\/posts\/25237\/revisions\/25240"}],"wp:featuredmedia":[{"embeddable":true,"href":"https:\/\/www.ifbaiano.edu.br\/unidades\/lapa\/wp-json\/wp\/v2\/media\/25236"}],"wp:attachment":[{"href":"https:\/\/www.ifbaiano.edu.br\/unidades\/lapa\/wp-json\/wp\/v2\/media?parent=25237"}],"wp:term":[{"taxonomy":"category","embeddable":true,"href":"https:\/\/www.ifbaiano.edu.br\/unidades\/lapa\/wp-json\/wp\/v2\/categories?post=25237"},{"taxonomy":"post_tag","embeddable":true,"href":"https:\/\/www.ifbaiano.edu.br\/unidades\/lapa\/wp-json\/wp\/v2\/tags?post=25237"}],"curies":[{"name":"wp","href":"https:\/\/api.w.org\/{rel}","templated":true}]}}