{"id":2539,"date":"2014-08-25T16:48:00","date_gmt":"2014-08-25T18:48:00","guid":{"rendered":"http:\/\/www.ifbaiano.edu.br\/unidades\/lapa\/?p=2539"},"modified":"2014-08-25T16:48:00","modified_gmt":"2014-08-25T18:48:00","slug":"selecao-de-alunos-e-servidores-para-atividades-de-canto-e-iniciacao-musical","status":"publish","type":"post","link":"https:\/\/www.ifbaiano.edu.br\/unidades\/lapa\/2014\/08\/25\/selecao-de-alunos-e-servidores-para-atividades-de-canto-e-iniciacao-musical\/","title":{"rendered":"Sele\u00e7\u00e3o de alunos e servidores para atividades de canto e inicia\u00e7\u00e3o musical"},"content":{"rendered":"<p>Est\u00e3o sendo disponibilizadas 43 vagas. Acessem abaixo o edital.<\/p>\n<p><!--more--><\/p>\n<p>O Diretor Geral do Instituto Federal de Educa\u00e7\u00e3o, Ci\u00eancia e Tecnologia Baiano &#8211; IF Baiano \u2013 Campus Bom Jesus da Lapa, no uso de suas atribui\u00e7\u00f5es legais, conforme lhe confere a Portaria n\u00b0 333 de 18 de mar\u00e7o de 2014, publicada no D.O.U. em 19\/03\/2014, torna p\u00fablico o presente edital para o preenchimento de 43 vagas no projeto de musicaliza\u00e7\u00e3o do Campus, onde ser\u00e3o disponibilizadas atividades de Canto Coral, Inicia\u00e7\u00e3o Musical com Flauta Doce e Teclado destinadas aos alunos, servidores e profissionais terceirizados deste Campus.<\/p>\n<p><a href=\"http:\/\/www.ifbaiano.edu.br\/unidades\/lapa\/files\/2014\/08\/edital.pdf\">EDITAL &#8211; ACESSE AQUI<\/a><\/p>\n","protected":false},"excerpt":{"rendered":"<p>Est\u00e3o sendo disponibilizadas 43 vagas. Acessem abaixo o edital.<\/p>\n","protected":false},"author":36,"featured_media":0,"comment_status":"open","ping_status":"open","sticky":false,"template":"","format":"standard","meta":[],"categories":[1],"tags":[],"_links":{"self":[{"href":"https:\/\/www.ifbaiano.edu.br\/unidades\/lapa\/wp-json\/wp\/v2\/posts\/2539"}],"collection":[{"href":"https:\/\/www.ifbaiano.edu.br\/unidades\/lapa\/wp-json\/wp\/v2\/posts"}],"about":[{"href":"https:\/\/www.ifbaiano.edu.br\/unidades\/lapa\/wp-json\/wp\/v2\/types\/post"}],"author":[{"embeddable":true,"href":"https:\/\/www.ifbaiano.edu.br\/unidades\/lapa\/wp-json\/wp\/v2\/users\/36"}],"replies":[{"embeddable":true,"href":"https:\/\/www.ifbaiano.edu.br\/unidades\/lapa\/wp-json\/wp\/v2\/comments?post=2539"}],"version-history":[{"count":2,"href":"https:\/\/www.ifbaiano.edu.br\/unidades\/lapa\/wp-json\/wp\/v2\/posts\/2539\/revisions"}],"predecessor-version":[{"id":2542,"href":"https:\/\/www.ifbaiano.edu.br\/unidades\/lapa\/wp-json\/wp\/v2\/posts\/2539\/revisions\/2542"}],"wp:attachment":[{"href":"https:\/\/www.ifbaiano.edu.br\/unidades\/lapa\/wp-json\/wp\/v2\/media?parent=2539"}],"wp:term":[{"taxonomy":"category","embeddable":true,"href":"https:\/\/www.ifbaiano.edu.br\/unidades\/lapa\/wp-json\/wp\/v2\/categories?post=2539"},{"taxonomy":"post_tag","embeddable":true,"href":"https:\/\/www.ifbaiano.edu.br\/unidades\/lapa\/wp-json\/wp\/v2\/tags?post=2539"}],"curies":[{"name":"wp","href":"https:\/\/api.w.org\/{rel}","templated":true}]}}