{"id":25425,"date":"2023-05-16T16:00:27","date_gmt":"2023-05-16T19:00:27","guid":{"rendered":"https:\/\/www.ifbaiano.edu.br\/unidades\/lapa\/?p=25425"},"modified":"2023-05-16T16:34:28","modified_gmt":"2023-05-16T19:34:28","slug":"ifpi-lanca-edital-do-projeto-agro-ifnordeste-com-5-vagas-para-o-campus-bom-jesus-da-lapa","status":"publish","type":"post","link":"https:\/\/www.ifbaiano.edu.br\/unidades\/lapa\/2023\/05\/16\/ifpi-lanca-edital-do-projeto-agro-ifnordeste-com-5-vagas-para-o-campus-bom-jesus-da-lapa\/","title":{"rendered":"IFPI lan\u00e7a edital do projeto Agro IFNordeste com 5 vagas para o IF Baiano &#8211; Campus Bom Jesus da Lapa"},"content":{"rendered":"\n<p>IFPI lan\u00e7a edital com 310 vagas para residentes bolsistas do Projeto Agro IFNordeste<\/p>\n\n\n\n<p><\/p>\n\n\n\n<p>O Instituto Federal do Piau\u00ed divulga edital para sele\u00e7\u00e3o de residentes bolsistas para o Programa de Resid\u00eancia Profissional Agr\u00edcola, do Projeto AgroIFNordeste. Podem se inscrever estudantes em final de curso e profissionais rec\u00e9m-formados de cursos t\u00e9cnicos de n\u00edvel m\u00e9dio e curso superior da \u00e1rea de Ci\u00eancias Agr\u00e1rias.<\/p>\n\n\n\n<p>Est\u00e3o sendo ofertadas 310 vagas para residentes bolsistas e as inscri\u00e7\u00f5es ser\u00e3o realizadas em um&nbsp;<a href=\"https:\/\/docs.google.com\/forms\/d\/e\/1FAIpQLSc_Ki-WRUjIuEFxm7xN8rcN-dAJUTLnyLu6xrXi0tdeXMO69Q\/viewform\">formul\u00e1rio<\/a>&nbsp;on-line, no per\u00edodo de 15 a 19 de maio.<\/p>\n\n\n\n<p>O processo de sele\u00e7\u00e3o ser\u00e1 realizado em uma \u00fanica etapa, composta por uma entrevista, de car\u00e1ter classificat\u00f3rio. Os residentes selecionados ser\u00e3o contemplados com uma bolsa no valor de 900 reais, por um per\u00edodo de 4 meses.<\/p>\n\n\n\n<p><strong>Forma\u00e7\u00e3o Exigida:<\/strong>&nbsp;Curso T\u00e9cnico de N\u00edvel M\u00e9dio&nbsp;ou Curso Superior, ambos na&nbsp;\u00e1rea de Ci\u00eancias Agr\u00e1rias.<\/p>\n\n\n\n<p>Confira o&nbsp;<a href=\"https:\/\/www.ifbaiano.edu.br\/unidades\/lapa\/files\/2023\/05\/copy2_of_EDITAL68PRPA.pdf\">edital<\/a>.<\/p>\n","protected":false},"excerpt":{"rendered":"<p>IFPI lan\u00e7a edital com 310 vagas para residentes bolsistas do Projeto Agro IFNordeste O Instituto Federal do Piau\u00ed divulga edital para sele\u00e7\u00e3o de residentes bolsistas para o Programa de Resid\u00eancia Profissional Agr\u00edcola, do Projeto AgroIFNordeste. Podem se inscrever estudantes em final de curso e profissionais rec\u00e9m-formados de cursos t\u00e9cnicos de n\u00edvel m\u00e9dio e curso superior [&hellip;]<\/p>\n","protected":false},"author":165,"featured_media":0,"comment_status":"open","ping_status":"open","sticky":false,"template":"","format":"standard","meta":[],"categories":[64,113,24,65],"tags":[],"_links":{"self":[{"href":"https:\/\/www.ifbaiano.edu.br\/unidades\/lapa\/wp-json\/wp\/v2\/posts\/25425"}],"collection":[{"href":"https:\/\/www.ifbaiano.edu.br\/unidades\/lapa\/wp-json\/wp\/v2\/posts"}],"about":[{"href":"https:\/\/www.ifbaiano.edu.br\/unidades\/lapa\/wp-json\/wp\/v2\/types\/post"}],"author":[{"embeddable":true,"href":"https:\/\/www.ifbaiano.edu.br\/unidades\/lapa\/wp-json\/wp\/v2\/users\/165"}],"replies":[{"embeddable":true,"href":"https:\/\/www.ifbaiano.edu.br\/unidades\/lapa\/wp-json\/wp\/v2\/comments?post=25425"}],"version-history":[{"count":5,"href":"https:\/\/www.ifbaiano.edu.br\/unidades\/lapa\/wp-json\/wp\/v2\/posts\/25425\/revisions"}],"predecessor-version":[{"id":25433,"href":"https:\/\/www.ifbaiano.edu.br\/unidades\/lapa\/wp-json\/wp\/v2\/posts\/25425\/revisions\/25433"}],"wp:attachment":[{"href":"https:\/\/www.ifbaiano.edu.br\/unidades\/lapa\/wp-json\/wp\/v2\/media?parent=25425"}],"wp:term":[{"taxonomy":"category","embeddable":true,"href":"https:\/\/www.ifbaiano.edu.br\/unidades\/lapa\/wp-json\/wp\/v2\/categories?post=25425"},{"taxonomy":"post_tag","embeddable":true,"href":"https:\/\/www.ifbaiano.edu.br\/unidades\/lapa\/wp-json\/wp\/v2\/tags?post=25425"}],"curies":[{"name":"wp","href":"https:\/\/api.w.org\/{rel}","templated":true}]}}