{"id":25452,"date":"2023-05-18T10:55:04","date_gmt":"2023-05-18T13:55:04","guid":{"rendered":"https:\/\/www.ifbaiano.edu.br\/unidades\/lapa\/?p=25452"},"modified":"2023-05-23T13:51:09","modified_gmt":"2023-05-23T16:51:09","slug":"chamada-publica-paa-2023","status":"publish","type":"post","link":"https:\/\/www.ifbaiano.edu.br\/unidades\/lapa\/2023\/05\/18\/chamada-publica-paa-2023\/","title":{"rendered":"Chamada P\u00fablica PAA"},"content":{"rendered":"\n<p>O Instituto Federal Baiano \u2013 Campus Bom Jesus da Lapa torna p\u00fablico, para conhecimento dos interessados, que realizar\u00e1 a Chamada P\u00fablica n\u00ba 01\/2023.<br><\/p>\n\n\n\n<p><strong>Objeto:<\/strong> Aquisi\u00e7\u00e3o de g\u00eaneros aliment\u00edcios da agricultura familiar para atendimento ao Programa de Aquisi\u00e7\u00e3o de Alimentos, conforme as pe\u00e7as t\u00e9cnicas constantes no Instrumento Convocat\u00f3rio e seus anexos, partes integrantes desta Chamada P\u00fablica. O Edital encontra-se dispon\u00edvel na sede do Campus e no s\u00edtio&nbsp;<a rel=\"noreferrer noopener\" href=\"https:\/\/www.ifbaiano.edu.br\/unidades\/lapa\/\" target=\"_blank\">https:\/\/www.ifbaiano.edu.br\/unidades\/lapa\/<\/a>.<br><\/p>\n\n\n\n<p><strong>Sess\u00e3o p\u00fablica e abertura dos envelopes: at\u00e9 \u00e0s 08h30 do dia\u00a012\/06\/2023\u00a0(hor\u00e1rio de Bras\u00edlia)<\/strong><br>Endere\u00e7o da sess\u00e3o p\u00fablica: Sagu\u00e3o do Campus Bom Jesus da Lapa, localizada na BR 349 KM 14, Zona Rural, CEP 47600-000, Bom Jesus da Lapa, BA.<\/p>\n\n\n\n<br \/>\n\n\n\n<p align=\"justify\"><a href=\"https:\/\/www.ifbaiano.edu.br\/unidades\/lapa\/files\/2023\/05\/EDITAL-PAA.pdf\" target=\"_blank\" rel=\"noopener\">Edital PAA  (documento pdf, abre em nova aba)<\/p>\n\n<p align=\"justify\"><a href=\"https:\/\/www.ifbaiano.edu.br\/unidades\/lapa\/files\/2023\/05\/ANEXO-I-PROJETO-BASICO-PAA.pdf\" target=\"_blank\" rel=\"noopener\">Anexo I &#8211; Projeto B\u00e1sico &#8211; PAA  (documento pdf, abre em nova aba)<\/p>\n\n<p align=\"justify\"><a href=\"https:\/\/www.ifbaiano.edu.br\/unidades\/lapa\/files\/2023\/05\/ANEXO-II-PROJETO-DE-VENDAS.pdf\" target=\"_blank\" rel=\"noopener\">Anexo II &#8211; Projeto de Vendas  (documento pdf, abre em nova aba)<\/p>\n\n<p align=\"justify\"><a href=\"https:\/\/www.ifbaiano.edu.br\/unidades\/lapa\/files\/2023\/05\/ANEXO-III-DECLARACAO-DE-ORIGEM-DOS-PRODUTOS.pdf\" target=\"_blank\" rel=\"noopener\">Anexo III &#8211; Declara\u00e7\u00e3o de Origem dos Produtos  (documento pdf, abre em nova aba)<\/p>\n\n<p align=\"justify\"><a href=\"https:\/\/www.ifbaiano.edu.br\/unidades\/lapa\/files\/2023\/05\/ANEXO-IV-TERMO-DE-RECEBIMENTO.pdf\" target=\"_blank\" rel=\"noopener\">Anexo IV &#8211; Termo de Recebimento (documento pdf, abre em nova aba)<\/p>\n\n<p align=\"justify\"><a href=\"https:\/\/www.ifbaiano.edu.br\/unidades\/lapa\/files\/2023\/05\/ANEXO-V-DECLARACAO-DE-RESPONSABILIDADE.pdf\" target=\"_blank\" rel=\"noopener\">Anexo V &#8211; Declara\u00e7\u00e3o de Responsabilidade (documento pdf, abre em nova aba)<\/p>\n\n<p align=\"justify\"><a href=\"https:\/\/www.ifbaiano.edu.br\/unidades\/lapa\/files\/2023\/05\/ANEXO-VI-MINUTA-DE-CONTRATO.pdf\" target=\"_blank\" rel=\"noopener\">Anexo VI &#8211; Minuta de Contrato (documento pdf, abre em nova aba)<\/p>\n","protected":false},"excerpt":{"rendered":"<p>O Instituto Federal Baiano \u2013 Campus Bom Jesus da Lapa torna p\u00fablico, para conhecimento dos interessados, que realizar\u00e1 a Chamada P\u00fablica n\u00ba 01\/2023. Objeto: Aquisi\u00e7\u00e3o de g\u00eaneros aliment\u00edcios da agricultura familiar para atendimento ao Programa de Aquisi\u00e7\u00e3o de Alimentos, conforme as pe\u00e7as t\u00e9cnicas constantes no Instrumento Convocat\u00f3rio e seus anexos, partes integrantes desta Chamada P\u00fablica. [&hellip;]<\/p>\n","protected":false},"author":165,"featured_media":0,"comment_status":"open","ping_status":"open","sticky":false,"template":"","format":"standard","meta":[],"categories":[64,26,24,65],"tags":[],"_links":{"self":[{"href":"https:\/\/www.ifbaiano.edu.br\/unidades\/lapa\/wp-json\/wp\/v2\/posts\/25452"}],"collection":[{"href":"https:\/\/www.ifbaiano.edu.br\/unidades\/lapa\/wp-json\/wp\/v2\/posts"}],"about":[{"href":"https:\/\/www.ifbaiano.edu.br\/unidades\/lapa\/wp-json\/wp\/v2\/types\/post"}],"author":[{"embeddable":true,"href":"https:\/\/www.ifbaiano.edu.br\/unidades\/lapa\/wp-json\/wp\/v2\/users\/165"}],"replies":[{"embeddable":true,"href":"https:\/\/www.ifbaiano.edu.br\/unidades\/lapa\/wp-json\/wp\/v2\/comments?post=25452"}],"version-history":[{"count":9,"href":"https:\/\/www.ifbaiano.edu.br\/unidades\/lapa\/wp-json\/wp\/v2\/posts\/25452\/revisions"}],"predecessor-version":[{"id":25504,"href":"https:\/\/www.ifbaiano.edu.br\/unidades\/lapa\/wp-json\/wp\/v2\/posts\/25452\/revisions\/25504"}],"wp:attachment":[{"href":"https:\/\/www.ifbaiano.edu.br\/unidades\/lapa\/wp-json\/wp\/v2\/media?parent=25452"}],"wp:term":[{"taxonomy":"category","embeddable":true,"href":"https:\/\/www.ifbaiano.edu.br\/unidades\/lapa\/wp-json\/wp\/v2\/categories?post=25452"},{"taxonomy":"post_tag","embeddable":true,"href":"https:\/\/www.ifbaiano.edu.br\/unidades\/lapa\/wp-json\/wp\/v2\/tags?post=25452"}],"curies":[{"name":"wp","href":"https:\/\/api.w.org\/{rel}","templated":true}]}}