{"id":25475,"date":"2023-05-18T11:22:20","date_gmt":"2023-05-18T14:22:20","guid":{"rendered":"https:\/\/www.ifbaiano.edu.br\/unidades\/lapa\/?p=25475"},"modified":"2023-05-23T13:46:51","modified_gmt":"2023-05-23T16:46:51","slug":"chamada-publica-pnae-2023","status":"publish","type":"post","link":"https:\/\/www.ifbaiano.edu.br\/unidades\/lapa\/2023\/05\/18\/chamada-publica-pnae-2023\/","title":{"rendered":"Chamada P\u00fablica PNAE"},"content":{"rendered":"\n<p>O Instituto Federal Baiano \u2013 Campus Bom Jesus da Lapa torna p\u00fablico, para conhecimento dos interessados, que realizar\u00e1 a Chamada P\u00fablica n\u00ba 02\/2023.<br><\/p>\n\n\n\n<p><strong>Objeto: <\/strong>Aquisi\u00e7\u00e3o de g\u00eaneros aliment\u00edcios da agricultura familiar para atendimento ao Programa Nacional de Alimenta\u00e7\u00e3o Escolar(PNAE), conforme as pe\u00e7as t\u00e9cnicas constantes no Instrumento Convocat\u00f3rio e seus anexos, partes integrantes desta Chamada P\u00fablica. O Edital encontra-se dispon\u00edvel na sede do Campus e no s\u00edtio <a rel=\"noreferrer noopener\" href=\"https:\/\/www.ifbaiano.edu.br\/unidades\/lapa\/\" target=\"_blank\">https:\/\/www.ifbaiano.edu.br\/unidades\/lapa\/<\/a>.<br><\/p>\n\n\n\n<p><strong>Sess\u00e3o p\u00fablica e abertura dos envelopes: at\u00e9 \u00e0s 08h30 do dia\u00a013\/06\/2023\u00a0(hor\u00e1rio de Bras\u00edlia)<\/strong><br>Endere\u00e7o da sess\u00e3o p\u00fablica: Sagu\u00e3o do Campus Bom Jesus da Lapa, localizada na BR 349 KM 14, Zona Rural, CEP 47600-000, Bom Jesus da Lapa, BA.<\/p>\n\n\n\n<br \/>\n\n\n\n<li><a href=\"https:\/\/www.ifbaiano.edu.br\/unidades\/lapa\/files\/2023\/05\/EDITAL-PNAE.pdf\" data-type=\"URL\" data-id=\"https:\/\/www.ifbaiano.edu.br\/unidades\/lapa\/files\/2023\/05\/Edital-Dispensa-Licitacao-Chamada-Publica-PNAE.docx-4.pdf\" target=\"_blank\" rel=\"noreferrer noopener\">ANEXO I &#8211; Edital &#8211; PNAE <\/a><\/li>\n\n<li><a href=\"https:\/\/www.ifbaiano.edu.br\/unidades\/lapa\/files\/2023\/05\/ANEXO-I-PROJETO-BASICO-PNAEdocx.pdf\" data-type=\"URL\" data-id=\"https:\/\/www.ifbaiano.edu.br\/unidades\/lapa\/files\/2023\/05\/ANEXO-I-PROJETO-BASICO-PNAEdocx.pdf\" target=\"_blank\" rel=\"noreferrer noopener\">ANEXO I &#8211; Projeto B\u00e1sico &#8211; PNAE <\/a><\/li>\n\n<li><a href=\"https:\/\/www.ifbaiano.edu.br\/unidades\/lapa\/files\/2023\/05\/ANEXO-II-PROJETO-DE-VENDAS-1.pdf\" data-type=\"URL\" data-id=\"https:\/\/www.ifbaiano.edu.br\/unidades\/lapa\/files\/2023\/05\/ANEXO-II-PROJETO-DE-VENDAS-1.pdf\" target=\"_blank\" rel=\"noreferrer noopener\">ANEXO II &#8211; Projeto de Vendas <\/a><\/li>\n\n<li><a href=\"https:\/\/www.ifbaiano.edu.br\/unidades\/lapa\/files\/2023\/05\/ANEXO-III-DECLARACAO-DE-ORIGEM-DOS-PRODUTOS-1.pdf\" data-type=\"URL\" data-id=\"https:\/\/www.ifbaiano.edu.br\/unidades\/lapa\/files\/2023\/05\/ANEXO-III-DECLARACAO-DE-ORIGEM-DOS-PRODUTOS-1.pdf\" target=\"_blank\" rel=\"noreferrer noopener\">ANEXO III &#8211; Declara\u00e7\u00e3o de Origem dos Produtos<\/a><\/li>\n\n<li><a href=\"https:\/\/www.ifbaiano.edu.br\/unidades\/lapa\/files\/2023\/05\/ANEXO-IV-TERMO-DE-RECEBIMENTO-1.pdf\" data-type=\"URL\" data-id=\"https:\/\/www.ifbaiano.edu.br\/unidades\/lapa\/files\/2023\/05\/ANEXO-III-TERMO-DE-RECEBIMENTO.pdf\" target=\"_blank\" rel=\"noreferrer noopener\">ANEXO IV &#8211; Termo de Recebimento<\/a><\/li>\n\n<li><a href=\"https:\/\/www.ifbaiano.edu.br\/unidades\/lapa\/files\/2023\/05\/ANEXO-V-DECLARACAO-DE-RESPONSABILIDADE-1.pdf\" data-type=\"URL\" data-id=\"https:\/\/www.ifbaiano.edu.br\/unidades\/lapa\/files\/2023\/05\/ANEXO-V-DECLARACAO-DE-RESPONSABILIDADE-1.pdf\" target=\"_blank\" rel=\"noreferrer noopener\">ANEXO V &#8211; Declara\u00e7\u00e3o de Responsabilidade<\/a><\/li>\n\n<li><a href=\"https:\/\/www.ifbaiano.edu.br\/unidades\/lapa\/files\/2023\/05\/ANEXO-VI-TERMO-DE-CONTRATO.pdf\" data-type=\"URL\" data-id=\"https:\/\/www.ifbaiano.edu.br\/unidades\/lapa\/files\/2023\/05\/ANEXO-VI-TERMO-DE-CONTRATO.pdf\" target=\"_blank\" rel=\"noreferrer noopener\">ANEXO VI &#8211; Termo de Contrato<\/a><\/li>\n","protected":false},"excerpt":{"rendered":"<p>O Instituto Federal Baiano \u2013 Campus Bom Jesus da Lapa torna p\u00fablico, para conhecimento dos interessados, que realizar\u00e1 a Chamada P\u00fablica n\u00ba 02\/2023. Objeto: Aquisi\u00e7\u00e3o de g\u00eaneros aliment\u00edcios da agricultura familiar para atendimento ao Programa Nacional de Alimenta\u00e7\u00e3o Escolar(PNAE), conforme as pe\u00e7as t\u00e9cnicas constantes no Instrumento Convocat\u00f3rio e seus anexos, partes integrantes desta Chamada P\u00fablica. [&hellip;]<\/p>\n","protected":false},"author":165,"featured_media":0,"comment_status":"open","ping_status":"open","sticky":false,"template":"","format":"standard","meta":[],"categories":[64,24,103,65],"tags":[],"_links":{"self":[{"href":"https:\/\/www.ifbaiano.edu.br\/unidades\/lapa\/wp-json\/wp\/v2\/posts\/25475"}],"collection":[{"href":"https:\/\/www.ifbaiano.edu.br\/unidades\/lapa\/wp-json\/wp\/v2\/posts"}],"about":[{"href":"https:\/\/www.ifbaiano.edu.br\/unidades\/lapa\/wp-json\/wp\/v2\/types\/post"}],"author":[{"embeddable":true,"href":"https:\/\/www.ifbaiano.edu.br\/unidades\/lapa\/wp-json\/wp\/v2\/users\/165"}],"replies":[{"embeddable":true,"href":"https:\/\/www.ifbaiano.edu.br\/unidades\/lapa\/wp-json\/wp\/v2\/comments?post=25475"}],"version-history":[{"count":6,"href":"https:\/\/www.ifbaiano.edu.br\/unidades\/lapa\/wp-json\/wp\/v2\/posts\/25475\/revisions"}],"predecessor-version":[{"id":25502,"href":"https:\/\/www.ifbaiano.edu.br\/unidades\/lapa\/wp-json\/wp\/v2\/posts\/25475\/revisions\/25502"}],"wp:attachment":[{"href":"https:\/\/www.ifbaiano.edu.br\/unidades\/lapa\/wp-json\/wp\/v2\/media?parent=25475"}],"wp:term":[{"taxonomy":"category","embeddable":true,"href":"https:\/\/www.ifbaiano.edu.br\/unidades\/lapa\/wp-json\/wp\/v2\/categories?post=25475"},{"taxonomy":"post_tag","embeddable":true,"href":"https:\/\/www.ifbaiano.edu.br\/unidades\/lapa\/wp-json\/wp\/v2\/tags?post=25475"}],"curies":[{"name":"wp","href":"https:\/\/api.w.org\/{rel}","templated":true}]}}