{"id":2563,"date":"2014-08-27T15:54:07","date_gmt":"2014-08-27T17:54:07","guid":{"rendered":"http:\/\/www.ifbaiano.edu.br\/unidades\/lapa\/?p=2563"},"modified":"2014-08-27T16:02:12","modified_gmt":"2014-08-27T18:02:12","slug":"estudantes-de-agricultura-participam-da-quarta-expobarra","status":"publish","type":"post","link":"https:\/\/www.ifbaiano.edu.br\/unidades\/lapa\/2014\/08\/27\/estudantes-de-agricultura-participam-da-quarta-expobarra\/","title":{"rendered":"Estudantes de Agricultura participam da Quarta ExpoBarra"},"content":{"rendered":"<p>Evento marca mais uma das atividades t\u00e9cnicas do Curso de Agricultura.<\/p>\n<p><img decoding=\"async\" src=\"http:\/\/www.ifbaiano.edu.br\/unidades\/lapa\/wp-includes\/js\/tinymce\/plugins\/wordpress\/img\/trans.gif\" alt=\"\" \/><!--more--><\/p>\n<p>Os alunos do Curso T\u00e9cnico Subsequente em Agricultura estiverem presentes na 4\u00aa. ExpoBarra, realizada entre 21 e 24 de agosto, no munic\u00edpio de Barra, distante 302 km de Bom Jesus da Lapa. Os estudantes participaram de palestras realizadas na Escola T\u00e9cnica (<em>CEEP \u00c1guas)<\/em><em>\u00a0e no Parque de Exposi\u00e7\u00f5es, cujos temas foram a Produ\u00e7\u00e3o Org\u00e2nica no Semi\u00e1rido, Agroecologia, Fertirriga\u00e7\u00e3o e sobre a atua\u00e7\u00e3o da UFOB no Oeste da Bahia. A viagem teve o apoio e articula\u00e7\u00e3o da Coordena\u00e7\u00e3o do Curso de Agricultura, da Diretoria Acad\u00eamica e da Dire\u00e7\u00e3o Geral.<\/em><\/p>\n<p><img decoding=\"async\" src=\"http:\/\/www.ifbaiano.edu.br\/unidades\/lapa\/wp-includes\/js\/tinymce\/plugins\/wpgallery\/img\/t.gif\" alt=\"\" \/>\n\t\t<style type=\"text\/css\">\n\t\t\t#gallery-1 {\n\t\t\t\tmargin: auto;\n\t\t\t}\n\t\t\t#gallery-1 .gallery-item {\n\t\t\t\tfloat: left;\n\t\t\t\tmargin-top: 10px;\n\t\t\t\ttext-align: center;\n\t\t\t\twidth: 50%;\n\t\t\t}\n\t\t\t#gallery-1 img {\n\t\t\t\tborder: 2px solid #cfcfcf;\n\t\t\t}\n\t\t\t#gallery-1 .gallery-caption {\n\t\t\t\tmargin-left: 0;\n\t\t\t}\n\t\t\t\/* see gallery_shortcode() in wp-includes\/media.php *\/\n\t\t<\/style>\n\t\t<div id='gallery-1' class='gallery galleryid-2563 gallery-columns-2 gallery-size-thumbnail'><dl class='gallery-item'>\n\t\t\t<dt class='gallery-icon landscape'>\n\t\t\t\t<a href='https:\/\/www.ifbaiano.edu.br\/unidades\/lapa\/files\/2014\/08\/20140821_0843151.jpg'><img width=\"150\" height=\"150\" src=\"https:\/\/www.ifbaiano.edu.br\/unidades\/lapa\/files\/2014\/08\/20140821_0843151-150x150.jpg\" class=\"attachment-thumbnail size-thumbnail\" alt=\"\" decoding=\"async\" loading=\"lazy\" \/><\/a>\n\t\t\t<\/dt><\/dl><dl class='gallery-item'>\n\t\t\t<dt class='gallery-icon landscape'>\n\t\t\t\t<a href='https:\/\/www.ifbaiano.edu.br\/unidades\/lapa\/files\/2014\/08\/20140821_1034171.jpg'><img width=\"150\" height=\"150\" src=\"https:\/\/www.ifbaiano.edu.br\/unidades\/lapa\/files\/2014\/08\/20140821_1034171-150x150.jpg\" class=\"attachment-thumbnail size-thumbnail\" alt=\"\" decoding=\"async\" loading=\"lazy\" \/><\/a>\n\t\t\t<\/dt><\/dl><br style=\"clear: both\" \/>\n\t\t<\/div>\n<\/p>\n","protected":false},"excerpt":{"rendered":"<p>Evento marca mais uma das atividades t\u00e9cnicas do Curso de Agricultura.<\/p>\n","protected":false},"author":36,"featured_media":0,"comment_status":"open","ping_status":"open","sticky":false,"template":"","format":"standard","meta":[],"categories":[41,1],"tags":[],"_links":{"self":[{"href":"https:\/\/www.ifbaiano.edu.br\/unidades\/lapa\/wp-json\/wp\/v2\/posts\/2563"}],"collection":[{"href":"https:\/\/www.ifbaiano.edu.br\/unidades\/lapa\/wp-json\/wp\/v2\/posts"}],"about":[{"href":"https:\/\/www.ifbaiano.edu.br\/unidades\/lapa\/wp-json\/wp\/v2\/types\/post"}],"author":[{"embeddable":true,"href":"https:\/\/www.ifbaiano.edu.br\/unidades\/lapa\/wp-json\/wp\/v2\/users\/36"}],"replies":[{"embeddable":true,"href":"https:\/\/www.ifbaiano.edu.br\/unidades\/lapa\/wp-json\/wp\/v2\/comments?post=2563"}],"version-history":[{"count":4,"href":"https:\/\/www.ifbaiano.edu.br\/unidades\/lapa\/wp-json\/wp\/v2\/posts\/2563\/revisions"}],"predecessor-version":[{"id":2569,"href":"https:\/\/www.ifbaiano.edu.br\/unidades\/lapa\/wp-json\/wp\/v2\/posts\/2563\/revisions\/2569"}],"wp:attachment":[{"href":"https:\/\/www.ifbaiano.edu.br\/unidades\/lapa\/wp-json\/wp\/v2\/media?parent=2563"}],"wp:term":[{"taxonomy":"category","embeddable":true,"href":"https:\/\/www.ifbaiano.edu.br\/unidades\/lapa\/wp-json\/wp\/v2\/categories?post=2563"},{"taxonomy":"post_tag","embeddable":true,"href":"https:\/\/www.ifbaiano.edu.br\/unidades\/lapa\/wp-json\/wp\/v2\/tags?post=2563"}],"curies":[{"name":"wp","href":"https:\/\/api.w.org\/{rel}","templated":true}]}}