{"id":25716,"date":"2023-06-16T11:56:54","date_gmt":"2023-06-16T14:56:54","guid":{"rendered":"https:\/\/www.ifbaiano.edu.br\/unidades\/lapa\/?p=25716"},"modified":"2023-06-16T11:56:54","modified_gmt":"2023-06-16T14:56:54","slug":"if-baiano-campus-bom-jesus-da-lapa-marca-presenca-na-i-feira-interterritorial-do-territorio-do-velho-chico-em-ibotirama-nos-dias-15-e-16","status":"publish","type":"post","link":"https:\/\/www.ifbaiano.edu.br\/unidades\/lapa\/2023\/06\/16\/if-baiano-campus-bom-jesus-da-lapa-marca-presenca-na-i-feira-interterritorial-do-territorio-do-velho-chico-em-ibotirama-nos-dias-15-e-16\/","title":{"rendered":"IF BAIANO -Campus Bom Jesus da Lapa marca presen\u00e7a na I Feira Interterritorial do Territ\u00f3rio do Velho Chico em Ibotirama nos dias 15 e 16"},"content":{"rendered":"\n<p>Durante a I Feira Intermunicipal Velho Chico produtivo e sustent\u00e1vel, o IFBaiano campus Bom Jesus da Lapa esteve presente expondo seus projetos e cursos. A delega\u00e7\u00e3o de alunos e servidores respons\u00e1veis pelo estande conversaram sobre suas experi\u00eancias, tiraram d\u00favidas sobre os diferentes cursos ofertados e ainda trocaram viv\u00eancias com as pessoas da regi\u00e3o. Al\u00e9m do p\u00fablico geral, o estande teve presen\u00e7a marcada por diversas crian\u00e7as que se divertiram ao ver os insetos com a lupa e ficaram encantadas com as experi\u00eancias em TI.<\/p>\n\n\n\n<figure class=\"wp-block-gallery has-nested-images columns-default is-cropped wp-block-gallery-1 is-layout-flex\">\n<figure class=\"wp-block-image size-large\"><img decoding=\"async\" loading=\"lazy\" width=\"1024\" height=\"576\" data-id=\"25722\"  src=\"https:\/\/www.ifbaiano.edu.br\/unidades\/lapa\/files\/2023\/06\/WhatsApp-Image-2023-06-16-at-11.13.02-2-2.jpeg\" alt=\"\" class=\"wp-image-25722\" \/><\/figure>\n<\/figure>\n\n\n\n<figure class=\"wp-block-image size-full\"><img decoding=\"async\" loading=\"lazy\" width=\"1200\" height=\"1600\" src=\"https:\/\/www.ifbaiano.edu.br\/unidades\/lapa\/files\/2023\/06\/WhatsApp-Image-2023-06-16-at-11.13.01-1-2.jpeg\" alt=\"\" class=\"wp-image-25723\" \/><\/figure>\n\n\n\n<figure class=\"wp-block-image size-full\"><img decoding=\"async\" loading=\"lazy\" width=\"768\" height=\"1024\" src=\"https:\/\/www.ifbaiano.edu.br\/unidades\/lapa\/files\/2023\/06\/WhatsApp-Image-2023-06-16-at-11.13.02-4.jpeg\" alt=\"\" class=\"wp-image-25724\" \/><\/figure>\n\n\n\n<figure class=\"wp-block-image size-full\"><img decoding=\"async\" loading=\"lazy\" width=\"1280\" height=\"866\" src=\"https:\/\/www.ifbaiano.edu.br\/unidades\/lapa\/files\/2023\/06\/WhatsApp-Image-2023-06-16-at-11.13.01-3.jpeg\" alt=\"\" class=\"wp-image-25725\" \/><\/figure>\n\n\n\n<figure class=\"wp-block-image size-full\"><img decoding=\"async\" loading=\"lazy\" width=\"1280\" height=\"720\" src=\"https:\/\/www.ifbaiano.edu.br\/unidades\/lapa\/files\/2023\/06\/WhatsApp-Image-2023-06-16-at-11.13.02-1-2.jpeg\" alt=\"\" class=\"wp-image-25726\" \/><\/figure>\n","protected":false},"excerpt":{"rendered":"<p>Durante a I Feira Intermunicipal Velho Chico produtivo e sustent\u00e1vel, o IFBaiano campus Bom Jesus da Lapa esteve presente expondo seus projetos e cursos. A delega\u00e7\u00e3o de alunos e servidores respons\u00e1veis pelo estande conversaram sobre suas experi\u00eancias, tiraram d\u00favidas sobre os diferentes cursos ofertados e ainda trocaram viv\u00eancias com as pessoas da regi\u00e3o. Al\u00e9m do [&hellip;]<\/p>\n","protected":false},"author":165,"featured_media":0,"comment_status":"open","ping_status":"open","sticky":false,"template":"","format":"standard","meta":[],"categories":[64,24,40,65],"tags":[],"_links":{"self":[{"href":"https:\/\/www.ifbaiano.edu.br\/unidades\/lapa\/wp-json\/wp\/v2\/posts\/25716"}],"collection":[{"href":"https:\/\/www.ifbaiano.edu.br\/unidades\/lapa\/wp-json\/wp\/v2\/posts"}],"about":[{"href":"https:\/\/www.ifbaiano.edu.br\/unidades\/lapa\/wp-json\/wp\/v2\/types\/post"}],"author":[{"embeddable":true,"href":"https:\/\/www.ifbaiano.edu.br\/unidades\/lapa\/wp-json\/wp\/v2\/users\/165"}],"replies":[{"embeddable":true,"href":"https:\/\/www.ifbaiano.edu.br\/unidades\/lapa\/wp-json\/wp\/v2\/comments?post=25716"}],"version-history":[{"count":1,"href":"https:\/\/www.ifbaiano.edu.br\/unidades\/lapa\/wp-json\/wp\/v2\/posts\/25716\/revisions"}],"predecessor-version":[{"id":25727,"href":"https:\/\/www.ifbaiano.edu.br\/unidades\/lapa\/wp-json\/wp\/v2\/posts\/25716\/revisions\/25727"}],"wp:attachment":[{"href":"https:\/\/www.ifbaiano.edu.br\/unidades\/lapa\/wp-json\/wp\/v2\/media?parent=25716"}],"wp:term":[{"taxonomy":"category","embeddable":true,"href":"https:\/\/www.ifbaiano.edu.br\/unidades\/lapa\/wp-json\/wp\/v2\/categories?post=25716"},{"taxonomy":"post_tag","embeddable":true,"href":"https:\/\/www.ifbaiano.edu.br\/unidades\/lapa\/wp-json\/wp\/v2\/tags?post=25716"}],"curies":[{"name":"wp","href":"https:\/\/api.w.org\/{rel}","templated":true}]}}