{"id":2573,"date":"2014-08-27T18:14:44","date_gmt":"2014-08-27T20:14:44","guid":{"rendered":"http:\/\/www.ifbaiano.edu.br\/unidades\/lapa\/?p=2573"},"modified":"2014-08-27T18:17:52","modified_gmt":"2014-08-27T20:17:52","slug":"funcionamento-do-setor-de-licitacoes-do-campus-no-dia-01-de-setembro","status":"publish","type":"post","link":"https:\/\/www.ifbaiano.edu.br\/unidades\/lapa\/2014\/08\/27\/funcionamento-do-setor-de-licitacoes-do-campus-no-dia-01-de-setembro\/","title":{"rendered":"Funcionamento do Setor de Licita\u00e7\u00f5es do Campus no dia 01 de setembro"},"content":{"rendered":"<p>O Setor de Licita\u00e7\u00f5es seguir\u00e1 normalmente com os processos em andamento nessa data. Confira comunicado abaixo:<\/p>\n<p><!--more--><\/p>\n<p>Vimos informar \u00e0 comunidade que o setor de licita\u00e7\u00f5es do IF Baiano &#8211; Campus Bom Jesus da Lapa funcionar\u00e1 normalmente no dia 01 de setembro de 2014, apesar da referida data ter sido decretada feriado, conforme <a href=\"http:\/\/www.ifbaiano.edu.br\/unidades\/lapa\/files\/2014\/08\/decreto.pdf\">Decreto 110<\/a>, de 22 de agosto de 2014, da Prefeitura Municipal de Bom Jesus da Lapa.<\/p>\n<p>&nbsp;<\/p>\n<p>Fonte: Informativo Lapa<\/p>\n<p>&nbsp;<\/p>\n","protected":false},"excerpt":{"rendered":"<p>O Setor de Licita\u00e7\u00f5es seguir\u00e1 normalmente com os processos em andamento nessa data. Confira comunicado abaixo:<\/p>\n","protected":false},"author":36,"featured_media":0,"comment_status":"open","ping_status":"open","sticky":false,"template":"","format":"standard","meta":[],"categories":[1],"tags":[],"_links":{"self":[{"href":"https:\/\/www.ifbaiano.edu.br\/unidades\/lapa\/wp-json\/wp\/v2\/posts\/2573"}],"collection":[{"href":"https:\/\/www.ifbaiano.edu.br\/unidades\/lapa\/wp-json\/wp\/v2\/posts"}],"about":[{"href":"https:\/\/www.ifbaiano.edu.br\/unidades\/lapa\/wp-json\/wp\/v2\/types\/post"}],"author":[{"embeddable":true,"href":"https:\/\/www.ifbaiano.edu.br\/unidades\/lapa\/wp-json\/wp\/v2\/users\/36"}],"replies":[{"embeddable":true,"href":"https:\/\/www.ifbaiano.edu.br\/unidades\/lapa\/wp-json\/wp\/v2\/comments?post=2573"}],"version-history":[{"count":3,"href":"https:\/\/www.ifbaiano.edu.br\/unidades\/lapa\/wp-json\/wp\/v2\/posts\/2573\/revisions"}],"predecessor-version":[{"id":2576,"href":"https:\/\/www.ifbaiano.edu.br\/unidades\/lapa\/wp-json\/wp\/v2\/posts\/2573\/revisions\/2576"}],"wp:attachment":[{"href":"https:\/\/www.ifbaiano.edu.br\/unidades\/lapa\/wp-json\/wp\/v2\/media?parent=2573"}],"wp:term":[{"taxonomy":"category","embeddable":true,"href":"https:\/\/www.ifbaiano.edu.br\/unidades\/lapa\/wp-json\/wp\/v2\/categories?post=2573"},{"taxonomy":"post_tag","embeddable":true,"href":"https:\/\/www.ifbaiano.edu.br\/unidades\/lapa\/wp-json\/wp\/v2\/tags?post=2573"}],"curies":[{"name":"wp","href":"https:\/\/api.w.org\/{rel}","templated":true}]}}