{"id":25769,"date":"2023-06-20T14:40:33","date_gmt":"2023-06-20T17:40:33","guid":{"rendered":"https:\/\/www.ifbaiano.edu.br\/unidades\/lapa\/?p=25769"},"modified":"2023-06-20T18:01:53","modified_gmt":"2023-06-20T21:01:53","slug":"discentes-do-campus-bom-jesus-da-lapa-promovem-atividades-de-integracao","status":"publish","type":"post","link":"https:\/\/www.ifbaiano.edu.br\/unidades\/lapa\/2023\/06\/20\/discentes-do-campus-bom-jesus-da-lapa-promovem-atividades-de-integracao\/","title":{"rendered":"Discentes do Campus Bom Jesus da Lapa promovem atividades de integra\u00e7\u00e3o"},"content":{"rendered":"\n<p>Na \u00faltima sexta-feira, 16 de junho, aconteceu no Campus Bom Jesus da Lapa dois eventos culturais com o objetivo de promover a integra\u00e7\u00e3o entre os estudantes e valorizar a cultura regional.<\/p>\n\n\n\n<p><strong>Copa das Panelas<\/strong><\/p>\n\n\n\n<p>\u00c0s 13:00 horas, no gin\u00e1sio de esportes do campus, acontecerem os jogos das finais da <em>Copa das Panelas<\/em>. A <em>Copa das Panelas<\/em> \u00e9 um torneio interno realizado por iniciativa dos estudantes do campus, onde n\u00e3o h\u00e1 crit\u00e9rios preestabelecidos para a forma\u00e7\u00e3o dos times. Segundo o professor Marcelo Leite, as equipes s\u00e3o constitu\u00eddas com base nas amizades e afinidades entre os participantes, que podem ser estudantes ou servidores.<\/p>\n\n\n\n<p>Os treinos das equipes s\u00e3o realizados nos intervalos e hor\u00e1rios vagos de aulas e se tornam momento de descontra\u00e7\u00e3o e divers\u00e3o para discentes e servidores.O torneio foi organizado por um grupo de discentes do curso de Engenharia Agron\u00f4mica e dos cursos T\u00e9cnico Integrado, pelo professor Marcelo Leite e contou com o apoio da gest\u00e3o do campus. Nesta edi\u00e7\u00e3o foram contempladas as modalidades de futsal feminino e masculino. As equipes finalistas foram:<\/p>\n\n\n\n<p>Futsal Masculino<\/p>\n\n\n\n<p>3\u00ba lugar: Meristema (10 gols) x Conselho de Classe (5 gols);<\/p>\n\n\n\n<p>Final: Agro Routine (2 gols) x Agromania (2 gols). Ap\u00f3s empate, a partida foi decida nos p\u00eanaltis, sendo campe\u00e3 a equipe Agro Routine, por 3 a 2 para Agromania.<\/p>\n\n\n\n<p>Futsal Feminino<\/p>\n\n\n\n<p>3\u00ba lugar: Agromania (3 gols) x Meristem\u00e1ticas (0 gol);<\/p>\n\n\n\n<p>Final: Nightmare (1 gol) x Juvenil (0 gol).<\/p>\n\n\n\n<figure class=\"wp-block-gallery has-nested-images columns-default is-cropped wp-block-gallery-1 is-layout-flex\">\n<figure class=\"wp-block-image size-large\"><img decoding=\"async\" loading=\"lazy\" width=\"1600\" height=\"1200\" data-id=\"25777\"  src=\"https:\/\/www.ifbaiano.edu.br\/unidades\/lapa\/files\/2023\/06\/WhatsApp-Image-2023-06-20-at-11.25.15.jpeg\" alt=\"\" class=\"wp-image-25777\" \/><\/figure>\n\n\n\n<figure class=\"wp-block-image size-large\"><img decoding=\"async\" loading=\"lazy\" width=\"1600\" height=\"1200\" data-id=\"25776\"  src=\"https:\/\/www.ifbaiano.edu.br\/unidades\/lapa\/files\/2023\/06\/WhatsApp-Image-2023-06-20-at-11.25.15-3.jpeg\" alt=\"\" class=\"wp-image-25776\" \/><\/figure>\n\n\n\n<figure class=\"wp-block-image size-large\"><img decoding=\"async\" loading=\"lazy\" width=\"1600\" height=\"1200\" data-id=\"25775\"  src=\"https:\/\/www.ifbaiano.edu.br\/unidades\/lapa\/files\/2023\/06\/WhatsApp-Image-2023-06-20-at-11.25.15-2.jpeg\" alt=\"\" class=\"wp-image-25775\" \/><\/figure>\n\n\n\n<figure class=\"wp-block-image size-large\"><img decoding=\"async\" loading=\"lazy\" width=\"1600\" height=\"1200\" data-id=\"25774\"  src=\"https:\/\/www.ifbaiano.edu.br\/unidades\/lapa\/files\/2023\/06\/WhatsApp-Image-2023-06-20-at-11.25.15-1.jpeg\" alt=\"\" class=\"wp-image-25774\" \/><\/figure>\n\n\n\n<figure class=\"wp-block-image size-large\"><img decoding=\"async\" loading=\"lazy\" width=\"1600\" height=\"1200\" data-id=\"25773\"  src=\"https:\/\/www.ifbaiano.edu.br\/unidades\/lapa\/files\/2023\/06\/WhatsApp-Image-2023-06-20-at-11.25.14.jpeg\" alt=\"\" class=\"wp-image-25773\" \/><\/figure>\n\n\n\n<figure class=\"wp-block-image size-large\"><img decoding=\"async\" loading=\"lazy\" width=\"1600\" height=\"1200\" data-id=\"25772\"  src=\"https:\/\/www.ifbaiano.edu.br\/unidades\/lapa\/files\/2023\/06\/WhatsApp-Image-2023-06-20-at-11.25.14-2.jpeg\" alt=\"\" class=\"wp-image-25772\" \/><\/figure>\n\n\n\n<figure class=\"wp-block-image size-large\"><img decoding=\"async\" loading=\"lazy\" width=\"1600\" height=\"1200\" data-id=\"25771\"  src=\"https:\/\/www.ifbaiano.edu.br\/unidades\/lapa\/files\/2023\/06\/WhatsApp-Image-2023-06-20-at-11.25.14-1.jpeg\" alt=\"\" class=\"wp-image-25771\" \/><\/figure>\n<\/figure>\n\n\n\n<p><\/p>\n\n\n\n<p><strong>Festa Junina<\/strong><\/p>\n\n\n\n<p>A partir das 15:00horas, aconteceu abertura dos festejos juninos, no <em>hall<\/em> de entrada do campus, quando tamb\u00e9m foi realizada a premia\u00e7\u00e3o da <em>Copa das Panelas<\/em>, com a entrega de trof\u00e9us e medalhas para os participantes. A festa, organizada por uma comiss\u00e3o de servidores, teve decora\u00e7\u00e3o tem\u00e1tica, uma grande variedade de comidas t\u00edpicas, apresenta\u00e7\u00f5es culturais, muito forr\u00f3 e alegria.<\/p>\n\n\n\n<p>Foi uma tarde de muita confraterniza\u00e7\u00e3o e integra\u00e7\u00e3o no campus. Para o diretor-geral do campus, professor Ge\u00e2ngelo Rosa, o evento representa o protagonismo discente e isso possibilita a inclus\u00e3o, o respeito e a gest\u00e3o participativa da comunidade acad\u00eamica.<\/p>\n\n\n\n<figure class=\"wp-block-gallery has-nested-images columns-default is-cropped wp-block-gallery-3 is-layout-flex\">\n<figure class=\"wp-block-image size-large\"><img decoding=\"async\" loading=\"lazy\" width=\"1200\" height=\"1600\" data-id=\"25779\"  src=\"https:\/\/www.ifbaiano.edu.br\/unidades\/lapa\/files\/2023\/06\/WhatsApp-Image-2023-06-20-at-11.27.35-1.jpeg\" alt=\"\" class=\"wp-image-25779\" \/><\/figure>\n\n\n\n<figure class=\"wp-block-image size-large\"><img decoding=\"async\" loading=\"lazy\" width=\"1200\" height=\"1600\" data-id=\"25780\"  src=\"https:\/\/www.ifbaiano.edu.br\/unidades\/lapa\/files\/2023\/06\/WhatsApp-Image-2023-06-20-at-11.27.35.jpeg\" alt=\"\" class=\"wp-image-25780\" \/><\/figure>\n\n\n\n<figure class=\"wp-block-image size-large\"><img decoding=\"async\" loading=\"lazy\" width=\"1200\" height=\"1600\" data-id=\"25781\"  src=\"https:\/\/www.ifbaiano.edu.br\/unidades\/lapa\/files\/2023\/06\/WhatsApp-Image-2023-06-20-at-11.27.36-1.jpeg\" alt=\"\" class=\"wp-image-25781\" \/><\/figure>\n\n\n\n<figure class=\"wp-block-image size-large\"><img decoding=\"async\" loading=\"lazy\" width=\"1200\" height=\"1600\" data-id=\"25782\"  src=\"https:\/\/www.ifbaiano.edu.br\/unidades\/lapa\/files\/2023\/06\/WhatsApp-Image-2023-06-20-at-11.27.36-2.jpeg\" alt=\"\" class=\"wp-image-25782\" \/><\/figure>\n\n\n\n<figure class=\"wp-block-image size-large\"><img decoding=\"async\" loading=\"lazy\" width=\"1200\" height=\"1600\" data-id=\"25783\"  src=\"https:\/\/www.ifbaiano.edu.br\/unidades\/lapa\/files\/2023\/06\/WhatsApp-Image-2023-06-20-at-11.27.36.jpeg\" alt=\"\" class=\"wp-image-25783\" \/><\/figure>\n\n\n\n<figure class=\"wp-block-image size-large\"><img decoding=\"async\" loading=\"lazy\" width=\"1600\" height=\"1200\" data-id=\"25784\"  src=\"https:\/\/www.ifbaiano.edu.br\/unidades\/lapa\/files\/2023\/06\/WhatsApp-Image-2023-06-20-at-11.27.37-1.jpeg\" alt=\"\" class=\"wp-image-25784\" \/><\/figure>\n\n\n\n<figure class=\"wp-block-image size-large\"><img decoding=\"async\" loading=\"lazy\" width=\"1200\" height=\"1600\" data-id=\"25785\"  src=\"https:\/\/www.ifbaiano.edu.br\/unidades\/lapa\/files\/2023\/06\/WhatsApp-Image-2023-06-20-at-11.27.37-2.jpeg\" alt=\"\" class=\"wp-image-25785\" \/><\/figure>\n\n\n\n<figure class=\"wp-block-image size-large\"><img decoding=\"async\" loading=\"lazy\" width=\"1200\" height=\"1600\" data-id=\"25786\"  src=\"https:\/\/www.ifbaiano.edu.br\/unidades\/lapa\/files\/2023\/06\/WhatsApp-Image-2023-06-20-at-11.27.37.jpeg\" alt=\"\" class=\"wp-image-25786\" \/><\/figure>\n\n\n\n<figure class=\"wp-block-image size-large\"><img decoding=\"async\" loading=\"lazy\" width=\"960\" height=\"1280\" data-id=\"25787\"  src=\"https:\/\/www.ifbaiano.edu.br\/unidades\/lapa\/files\/2023\/06\/WhatsApp-Image-2023-06-20-at-11.27.38-1.jpeg\" alt=\"\" class=\"wp-image-25787\" \/><\/figure>\n\n\n\n<figure class=\"wp-block-image size-large\"><img decoding=\"async\" loading=\"lazy\" width=\"1600\" height=\"1200\" data-id=\"25789\"  src=\"https:\/\/www.ifbaiano.edu.br\/unidades\/lapa\/files\/2023\/06\/WhatsApp-Image-2023-06-20-at-11.27.38.jpeg\" alt=\"\" class=\"wp-image-25789\" \/><\/figure>\n\n\n\n<figure class=\"wp-block-image size-large\"><img decoding=\"async\" loading=\"lazy\" width=\"1200\" height=\"1600\" data-id=\"25792\"  src=\"https:\/\/www.ifbaiano.edu.br\/unidades\/lapa\/files\/2023\/06\/WhatsApp-Image-2023-06-20-at-11.27.39.jpeg\" alt=\"\" class=\"wp-image-25792\" \/><\/figure>\n\n\n\n<figure class=\"wp-block-image size-large\"><img decoding=\"async\" loading=\"lazy\" width=\"1600\" height=\"1200\" data-id=\"25793\"  src=\"https:\/\/www.ifbaiano.edu.br\/unidades\/lapa\/files\/2023\/06\/WhatsApp-Image-2023-06-20-at-11.27.40-1.jpeg\" alt=\"\" class=\"wp-image-25793\" \/><\/figure>\n\n\n\n<figure class=\"wp-block-image size-large\"><img decoding=\"async\" loading=\"lazy\" width=\"1600\" height=\"1200\" data-id=\"25794\"  src=\"https:\/\/www.ifbaiano.edu.br\/unidades\/lapa\/files\/2023\/06\/WhatsApp-Image-2023-06-20-at-11.27.40-2.jpeg\" alt=\"\" class=\"wp-image-25794\" \/><\/figure>\n\n\n\n<figure class=\"wp-block-image size-large\"><img decoding=\"async\" loading=\"lazy\" width=\"1600\" height=\"1200\" data-id=\"25795\"  src=\"https:\/\/www.ifbaiano.edu.br\/unidades\/lapa\/files\/2023\/06\/WhatsApp-Image-2023-06-20-at-11.27.41-1.jpeg\" alt=\"\" class=\"wp-image-25795\" \/><\/figure>\n\n\n\n<figure class=\"wp-block-image size-large\"><img decoding=\"async\" loading=\"lazy\" width=\"1600\" height=\"1200\" data-id=\"25796\"  src=\"https:\/\/www.ifbaiano.edu.br\/unidades\/lapa\/files\/2023\/06\/WhatsApp-Image-2023-06-20-at-11.27.41-2.jpeg\" alt=\"\" class=\"wp-image-25796\" \/><\/figure>\n\n\n\n<figure class=\"wp-block-image size-large\"><img decoding=\"async\" loading=\"lazy\" width=\"1600\" height=\"1200\" data-id=\"25797\"  src=\"https:\/\/www.ifbaiano.edu.br\/unidades\/lapa\/files\/2023\/06\/WhatsApp-Image-2023-06-20-at-11.27.41.jpeg\" alt=\"\" class=\"wp-image-25797\" \/><\/figure>\n\n\n\n<figure class=\"wp-block-image size-large\"><img decoding=\"async\" loading=\"lazy\" width=\"1200\" height=\"1600\" data-id=\"25798\"  src=\"https:\/\/www.ifbaiano.edu.br\/unidades\/lapa\/files\/2023\/06\/WhatsApp-Image-2023-06-20-at-11.27.42-1.jpeg\" alt=\"\" class=\"wp-image-25798\" \/><\/figure>\n\n\n\n<figure class=\"wp-block-image size-large\"><img decoding=\"async\" loading=\"lazy\" width=\"1600\" height=\"1200\" data-id=\"25799\"  src=\"https:\/\/www.ifbaiano.edu.br\/unidades\/lapa\/files\/2023\/06\/WhatsApp-Image-2023-06-20-at-11.27.42.jpeg\" alt=\"\" class=\"wp-image-25799\" \/><\/figure>\n<\/figure>\n","protected":false},"excerpt":{"rendered":"<p>Na \u00faltima sexta-feira, 16 de junho, aconteceu no Campus Bom Jesus da Lapa dois eventos culturais com o objetivo de promover a integra\u00e7\u00e3o entre os estudantes e valorizar a cultura regional. Copa das Panelas \u00c0s 13:00 horas, no gin\u00e1sio de esportes do campus, acontecerem os jogos das finais da Copa das Panelas. A Copa das [&hellip;]<\/p>\n","protected":false},"author":165,"featured_media":0,"comment_status":"open","ping_status":"open","sticky":true,"template":"","format":"standard","meta":[],"categories":[115,64],"tags":[],"_links":{"self":[{"href":"https:\/\/www.ifbaiano.edu.br\/unidades\/lapa\/wp-json\/wp\/v2\/posts\/25769"}],"collection":[{"href":"https:\/\/www.ifbaiano.edu.br\/unidades\/lapa\/wp-json\/wp\/v2\/posts"}],"about":[{"href":"https:\/\/www.ifbaiano.edu.br\/unidades\/lapa\/wp-json\/wp\/v2\/types\/post"}],"author":[{"embeddable":true,"href":"https:\/\/www.ifbaiano.edu.br\/unidades\/lapa\/wp-json\/wp\/v2\/users\/165"}],"replies":[{"embeddable":true,"href":"https:\/\/www.ifbaiano.edu.br\/unidades\/lapa\/wp-json\/wp\/v2\/comments?post=25769"}],"version-history":[{"count":2,"href":"https:\/\/www.ifbaiano.edu.br\/unidades\/lapa\/wp-json\/wp\/v2\/posts\/25769\/revisions"}],"predecessor-version":[{"id":25801,"href":"https:\/\/www.ifbaiano.edu.br\/unidades\/lapa\/wp-json\/wp\/v2\/posts\/25769\/revisions\/25801"}],"wp:attachment":[{"href":"https:\/\/www.ifbaiano.edu.br\/unidades\/lapa\/wp-json\/wp\/v2\/media?parent=25769"}],"wp:term":[{"taxonomy":"category","embeddable":true,"href":"https:\/\/www.ifbaiano.edu.br\/unidades\/lapa\/wp-json\/wp\/v2\/categories?post=25769"},{"taxonomy":"post_tag","embeddable":true,"href":"https:\/\/www.ifbaiano.edu.br\/unidades\/lapa\/wp-json\/wp\/v2\/tags?post=25769"}],"curies":[{"name":"wp","href":"https:\/\/api.w.org\/{rel}","templated":true}]}}