{"id":25813,"date":"2023-06-22T12:11:32","date_gmt":"2023-06-22T15:11:32","guid":{"rendered":"https:\/\/www.ifbaiano.edu.br\/unidades\/lapa\/?p=25813"},"modified":"2023-06-22T12:36:53","modified_gmt":"2023-06-22T15:36:53","slug":"inscricoes-abertas-para-vagas-remanescentes-no-curso-gestao-da-tecnologia-da-informacao","status":"publish","type":"post","link":"https:\/\/www.ifbaiano.edu.br\/unidades\/lapa\/2023\/06\/22\/inscricoes-abertas-para-vagas-remanescentes-no-curso-gestao-da-tecnologia-da-informacao\/","title":{"rendered":"INSCRI\u00c7\u00d5ES ABERTAS PARA VAGAS REMANESCENTES DO CURSO GEST\u00c3O DA TECNOLOGIA DA INFORMA\u00c7\u00c3O"},"content":{"rendered":"\n<figure class=\"wp-block-gallery has-nested-images columns-default is-cropped wp-block-gallery-1 is-layout-flex\">\n<figure class=\"wp-block-image size-large\"><img decoding=\"async\" loading=\"lazy\" width=\"1080\" height=\"1080\" data-id=\"25814\"  src=\"https:\/\/www.ifbaiano.edu.br\/unidades\/lapa\/files\/2023\/06\/WhatsApp-Image-2023-06-22-at-11.39.46-1.jpeg\" alt=\"\" class=\"wp-image-25814\" \/><\/figure>\n<\/figure>\n\n\n\n<p><strong>Acesse aqui: <\/strong><\/p>\n<div class=\"wp-block-file\"><a href=\"https:\/\/www.ifbaiano.edu.br\/unidades\/lapa\/edital-21-de-19-de-junho-de-2023\/\">Edital de vagas remanescentes do curso Gest\u00e3o da Tecnologia da Informa\u00e7\u00e3o<\/a><\/div>\n","protected":false},"excerpt":{"rendered":"<p>Acesse aqui: Edital de vagas remanescentes do curso Gest\u00e3o da Tecnologia da Informa\u00e7\u00e3o<\/p>\n","protected":false},"author":165,"featured_media":25814,"comment_status":"open","ping_status":"open","sticky":false,"template":"","format":"standard","meta":[],"categories":[64,112,24,65],"tags":[],"_links":{"self":[{"href":"https:\/\/www.ifbaiano.edu.br\/unidades\/lapa\/wp-json\/wp\/v2\/posts\/25813"}],"collection":[{"href":"https:\/\/www.ifbaiano.edu.br\/unidades\/lapa\/wp-json\/wp\/v2\/posts"}],"about":[{"href":"https:\/\/www.ifbaiano.edu.br\/unidades\/lapa\/wp-json\/wp\/v2\/types\/post"}],"author":[{"embeddable":true,"href":"https:\/\/www.ifbaiano.edu.br\/unidades\/lapa\/wp-json\/wp\/v2\/users\/165"}],"replies":[{"embeddable":true,"href":"https:\/\/www.ifbaiano.edu.br\/unidades\/lapa\/wp-json\/wp\/v2\/comments?post=25813"}],"version-history":[{"count":4,"href":"https:\/\/www.ifbaiano.edu.br\/unidades\/lapa\/wp-json\/wp\/v2\/posts\/25813\/revisions"}],"predecessor-version":[{"id":25819,"href":"https:\/\/www.ifbaiano.edu.br\/unidades\/lapa\/wp-json\/wp\/v2\/posts\/25813\/revisions\/25819"}],"wp:featuredmedia":[{"embeddable":true,"href":"https:\/\/www.ifbaiano.edu.br\/unidades\/lapa\/wp-json\/wp\/v2\/media\/25814"}],"wp:attachment":[{"href":"https:\/\/www.ifbaiano.edu.br\/unidades\/lapa\/wp-json\/wp\/v2\/media?parent=25813"}],"wp:term":[{"taxonomy":"category","embeddable":true,"href":"https:\/\/www.ifbaiano.edu.br\/unidades\/lapa\/wp-json\/wp\/v2\/categories?post=25813"},{"taxonomy":"post_tag","embeddable":true,"href":"https:\/\/www.ifbaiano.edu.br\/unidades\/lapa\/wp-json\/wp\/v2\/tags?post=25813"}],"curies":[{"name":"wp","href":"https:\/\/api.w.org\/{rel}","templated":true}]}}