{"id":25859,"date":"2023-07-06T10:22:18","date_gmt":"2023-07-06T13:22:18","guid":{"rendered":"https:\/\/www.ifbaiano.edu.br\/unidades\/lapa\/?p=25859"},"modified":"2023-07-06T10:22:18","modified_gmt":"2023-07-06T13:22:18","slug":"eko-ede-yoruba-curso-de-lingua-ioruba","status":"publish","type":"post","link":"https:\/\/www.ifbaiano.edu.br\/unidades\/lapa\/2023\/07\/06\/eko-ede-yoruba-curso-de-lingua-ioruba\/","title":{"rendered":"\u1eb8\u0300k\u1ecd\u0301 \u00c8d\u00e8 Yor\u00f9b\u00e1 Curso de L\u00edngua Iorub\u00e1"},"content":{"rendered":"\n<figure class=\"wp-block-image size-full is-resized\"><img decoding=\"async\" loading=\"lazy\" src=\"https:\/\/www.ifbaiano.edu.br\/unidades\/lapa\/files\/2023\/07\/WhatsApp-Image-2023-06-29-at-15.52.46.jpeg\" alt=\"\" class=\"wp-image-25860\" width=\"840\" height=\"840\" \/><\/figure>\n\n\n\n<p>O \u1eb8\u0300k\u1ecd\u0301 \u00c8d\u00e8 Yor\u00f9b\u00e1 \u00e9 um curso de l\u00edngua iorub\u00e1 b\u00e1sica, na modalidade EaD, ofertado pelo Campus Bom Jesus da Lapa do Instituto Federal Baiano, que prop\u00f5e provocar os estudantes matriculados a refletirem sobre a import\u00e2ncia dessa l\u00edngua ancestral como instrumento de resgate e manuten\u00e7\u00e3o dos conhecimentos origin\u00e1rios legados por seus ancestrais africanos. Esta proposta abranger\u00e1 conte\u00fados b\u00e1sicos de hist\u00f3ria do povo iorub\u00e1, sua geografia e estudos elementares de gram\u00e1tica iorub\u00e1 compreendendo o alfabeto, a fon\u00e9tica, a morfologia, a sintaxe, a sem\u00e2ntica, a estil\u00edstica, frases do quotidiano e a produ\u00e7\u00e3o de pequenos textos. O curso ter\u00e1 dura\u00e7\u00e3o de 3 meses (60 horas), com os conte\u00fados divididos em 12 semanas. Em cada semana, haver\u00e1 um encontro s\u00edncrono com o professor formador e a disponibilidade de textos, v\u00eddeos e atividades avaliativas no ambiente virtual de aprendizagem (Moodle) para estudos ass\u00edncronos.<br><\/p>\n\n\n\n<p>O \u00c8\u0323k\u00f3\u0323 \u00c8d\u00e8 Yor\u00f9b\u00e1 ser\u00e1 executado pelo professor mestre (Thonny Hawany \u2013 <a href=\"http:\/\/lattes.cnpq.br\/4151027122048780\">http:\/\/lattes.cnpq.br\/4151027122048780<\/a> \u2013<a href=\"https:\/\/www.thonnyhawany.com\/\"> https:\/\/www.thonnyhawany.com\/<\/a>)<br><strong>ATEN\u00c7\u00c3O! As inscri\u00e7\u00f5es ter\u00e3o in\u00edcio no dia 1\u00ba de julho e v\u00e3o at\u00e9 o dia 17. <\/strong>Fique atento para garantir a sua vaga.<strong><br>D\u00daVIDAS?! Mande para o e-mail cead.bjl@ifbaiano.edu.br<\/strong><br>Se n\u00e3o tem d\u00favidas, fa\u00e7a a sua inscri\u00e7\u00e3o clicando no link: <a href=\"https:\/\/suap.ifbaiano.edu.br\/eventos\/inscricao_publica\/1136\/\">https:\/\/suap.ifbaiano.edu.br\/eventos\/inscricao_publica\/1136\/<\/a><\/p>\n","protected":false},"excerpt":{"rendered":"<p>O \u1eb8\u0300k\u1ecd\u0301 \u00c8d\u00e8 Yor\u00f9b\u00e1 \u00e9 um curso de l\u00edngua iorub\u00e1 b\u00e1sica, na modalidade EaD, ofertado pelo Campus Bom Jesus da Lapa do Instituto Federal Baiano, que prop\u00f5e provocar os estudantes matriculados a refletirem sobre a import\u00e2ncia dessa l\u00edngua ancestral como instrumento de resgate e manuten\u00e7\u00e3o dos conhecimentos origin\u00e1rios legados por seus ancestrais africanos. Esta proposta [&hellip;]<\/p>\n","protected":false},"author":165,"featured_media":25860,"comment_status":"open","ping_status":"open","sticky":false,"template":"","format":"standard","meta":[],"categories":[115,64,72,40,65],"tags":[],"_links":{"self":[{"href":"https:\/\/www.ifbaiano.edu.br\/unidades\/lapa\/wp-json\/wp\/v2\/posts\/25859"}],"collection":[{"href":"https:\/\/www.ifbaiano.edu.br\/unidades\/lapa\/wp-json\/wp\/v2\/posts"}],"about":[{"href":"https:\/\/www.ifbaiano.edu.br\/unidades\/lapa\/wp-json\/wp\/v2\/types\/post"}],"author":[{"embeddable":true,"href":"https:\/\/www.ifbaiano.edu.br\/unidades\/lapa\/wp-json\/wp\/v2\/users\/165"}],"replies":[{"embeddable":true,"href":"https:\/\/www.ifbaiano.edu.br\/unidades\/lapa\/wp-json\/wp\/v2\/comments?post=25859"}],"version-history":[{"count":4,"href":"https:\/\/www.ifbaiano.edu.br\/unidades\/lapa\/wp-json\/wp\/v2\/posts\/25859\/revisions"}],"predecessor-version":[{"id":25865,"href":"https:\/\/www.ifbaiano.edu.br\/unidades\/lapa\/wp-json\/wp\/v2\/posts\/25859\/revisions\/25865"}],"wp:featuredmedia":[{"embeddable":true,"href":"https:\/\/www.ifbaiano.edu.br\/unidades\/lapa\/wp-json\/wp\/v2\/media\/25860"}],"wp:attachment":[{"href":"https:\/\/www.ifbaiano.edu.br\/unidades\/lapa\/wp-json\/wp\/v2\/media?parent=25859"}],"wp:term":[{"taxonomy":"category","embeddable":true,"href":"https:\/\/www.ifbaiano.edu.br\/unidades\/lapa\/wp-json\/wp\/v2\/categories?post=25859"},{"taxonomy":"post_tag","embeddable":true,"href":"https:\/\/www.ifbaiano.edu.br\/unidades\/lapa\/wp-json\/wp\/v2\/tags?post=25859"}],"curies":[{"name":"wp","href":"https:\/\/api.w.org\/{rel}","templated":true}]}}