{"id":2598,"date":"2014-09-04T21:52:09","date_gmt":"2014-09-04T23:52:09","guid":{"rendered":"http:\/\/www.ifbaiano.edu.br\/unidades\/lapa\/?p=2598"},"modified":"2014-09-04T21:52:09","modified_gmt":"2014-09-04T23:52:09","slug":"concurso-de-trabalhos-tecnicos-em-informatica","status":"publish","type":"post","link":"https:\/\/www.ifbaiano.edu.br\/unidades\/lapa\/2014\/09\/04\/concurso-de-trabalhos-tecnicos-em-informatica\/","title":{"rendered":"Concurso de Trabalhos T\u00e9cnicos em Inform\u00e1tica"},"content":{"rendered":"<p>O Concurso selecionar\u00e1 projetos em v\u00e1rias \u00e1reas.<\/p>\n<p><!--more--><\/p>\n<p>O 3\u00ba Concurso de Trabalhos T\u00e9cnicos em Inform\u00e1tica selecionar\u00e1 e premiar\u00e1 os trabalhos desenvolvidos por alunos matriculados no ano de 2014 em cursos t\u00e9cnicos da \u00e1rea da tecnologia da informa\u00e7\u00e3o, do ensino m\u00e9dio (integrado ou concomitante) e p\u00f3s-m\u00e9dio (subsequente).<\/p>\n<p>Os trabalhos dever\u00e3o ser orientados por 1 (um) professor, atuante no curso cujos alunos est\u00e3o matriculados; e dever\u00e3o ser desenvolvidos por, no m\u00ednimo, 1 (um) e, no m\u00e1ximo, 4 (quatro) alunos do curso t\u00e9cnico. Os alunos poder\u00e3o estar matriculados em cursos diferentes e\/ou campi diferentes, desde que todos perten\u00e7am a \u00e1rea da tecnologia e sejam da mesma institui\u00e7\u00e3o.<\/p>\n<p>A avalia\u00e7\u00e3o ser\u00e1 conduzida em duas fases. Na primeira, os trabalhos submetidos (ver detalhes abaixo) ser\u00e3o avaliados, a fim de escolher os 10 (dez) melhores trabalhos. Cada trabalho ser\u00e1 avaliado por especialistas. Os trabalhos aceitos ser\u00e3o apresentados no evento e publicados nos anais.<\/p>\n<p>Na\u00a0segunda\u00a0fase, dever\u00e1 ser realizada a apresenta\u00e7\u00e3o oral do trabalho, onde ser\u00e1 levada em considera\u00e7\u00e3o a qualidade da apresenta\u00e7\u00e3o oral feita pelos autores. \u00a0Os autores que n\u00e3o disponibilizarem os seus trabalhos ou n\u00e3o viabilizarem a apresenta\u00e7\u00e3o no evento ser\u00e3o eliminados do Concurso (casos especiais ser\u00e3o analisados pela comiss\u00e3o organizadora). Poder\u00e3o apresentar os trabalhos apenas os alunos autores.<\/p>\n<p>Ao final, uma discuss\u00e3o envolvendo os integrantes do Comit\u00ea do Concurso decidir\u00e1 os tr\u00eas melhores trabalhos. O an\u00fancio dos trabalhos premiados ser\u00e1 feito no encerramento do evento.<\/p>\n<p>SUBMISS\u00c3O DOS TRABALHOS:<\/p>\n<p>Cada trabalho submetido dever\u00e1 conter dois arquivos (em formato PDF):<\/p>\n<ul>\n<li>Trabalho escrito em forma de artigo resumido;<\/li>\n<li>Declara\u00e7\u00e3o de matr\u00edcula contendo os nomes dos alunos em curso t\u00e9cnico;<\/li>\n<\/ul>\n<p>Os trabalhos devem ser escritos em portugu\u00eas, espanhol ou ingl\u00eas, respeitando o limite m\u00e1ximo de 2 (duas) p\u00e1ginas. O trabalho deve deixar claro qual \u00e9 a contribui\u00e7\u00e3o do trabalho na \u00e1rea da tecnologia da informa\u00e7\u00e3o e a originalidade do tema. A organiza\u00e7\u00e3o do trabalho deve apresentar obrigatoriamente: t\u00edtulo do trabalho, autor, curso, institui\u00e7\u00e3o, orientador, com as respectivas afilia\u00e7\u00f5es, resumo\/abstract e texto.<\/p>\n<p>O trabalho e a declara\u00e7\u00e3o de matr\u00edcula dos alunos dever\u00e3o ser enviados exclusivamente em formato eletr\u00f4nico (PDF) atrav\u00e9s do sistema JEMS:<a href=\"https:\/\/submissoes.sbc.org.br\/home.cgi?c=1538\" target=\"_blank\">https:\/\/submissoes.sbc.org.br\/home.cgi?c=1538<\/a><\/p>\n<p>FORMATO DAS PROPOSTAS:<\/p>\n<p>Todas as submiss\u00f5es devem obrigatoriamente seguir o modelo para publica\u00e7\u00e3o de artigos da SBC. N\u00e3o \u00e9 necess\u00e1rio omitir as informa\u00e7\u00f5es de autoria. Trabalhos fora do formato n\u00e3o ser\u00e3o acolhidos para avalia\u00e7\u00e3o.<\/p>\n<p>Na declara\u00e7\u00e3o de matr\u00edcula oficial digitalizada (arquivo PDF) referida acima dever\u00e1 constar explicitamente que os alunos estiveram matriculados no curso t\u00e9cnico no ano de 2014.<\/p>\n<p>Apresenta\u00e7\u00e3o oral dos trabalhos no evento:<\/p>\n<p>Pelo menos, um dos autores dos trabalhos selecionados no Concurso dever\u00e1 se inscrever no Computer on the Beach 2015. Cada trabalho\u00a0ter\u00e1 de 10 a 15 minutos para a apresenta\u00e7\u00e3o oral. A banca julgadora\u00a0ter\u00e1 10 minutos para perguntas.<\/p>\n<p>DEADLINES:<\/p>\n<p>&nbsp;<\/p>\n<ul>\n<li>20 de outubro de 2014 &#8211; Data limite para submiss\u00e3o de trabalhos<\/li>\n<li>30 de janeiro de 2014 \u2013 Notifica\u00e7\u00e3o dos trabalhos selecionados<\/li>\n<li>15 de dezembro de 2014 \u2013 Envio da vers\u00e3o final e data limite para inscri\u00e7\u00e3o no evento<\/li>\n<li>20 a 22 de mar\u00e7o de 2015 &#8211; Computer on the Beach 2015<\/li>\n<\/ul>\n<p>&nbsp;<\/p>\n<p>Maiores informa\u00e7\u00f5es:\u00a0<a href=\"http:\/\/www.computeronthebeach.com.br\/\" target=\"_blank\">http:\/\/www.computeronthebeach.com.br\/<\/a><\/p>\n<p>&nbsp;<\/p>\n<div><em>Fonte:<\/em><br \/>\n<em>\u00c1rea de Inform\u00e1tica<\/em><br \/>\n<em>Instituto Federal de Educa\u00e7\u00e3o, Ci\u00eancia e Tecnologia do Rio Grande do Sul<\/em><\/div>\n","protected":false},"excerpt":{"rendered":"<p>O Concurso selecionar\u00e1 projetos em v\u00e1rias \u00e1reas.<\/p>\n","protected":false},"author":36,"featured_media":0,"comment_status":"open","ping_status":"open","sticky":false,"template":"","format":"standard","meta":[],"categories":[1],"tags":[],"_links":{"self":[{"href":"https:\/\/www.ifbaiano.edu.br\/unidades\/lapa\/wp-json\/wp\/v2\/posts\/2598"}],"collection":[{"href":"https:\/\/www.ifbaiano.edu.br\/unidades\/lapa\/wp-json\/wp\/v2\/posts"}],"about":[{"href":"https:\/\/www.ifbaiano.edu.br\/unidades\/lapa\/wp-json\/wp\/v2\/types\/post"}],"author":[{"embeddable":true,"href":"https:\/\/www.ifbaiano.edu.br\/unidades\/lapa\/wp-json\/wp\/v2\/users\/36"}],"replies":[{"embeddable":true,"href":"https:\/\/www.ifbaiano.edu.br\/unidades\/lapa\/wp-json\/wp\/v2\/comments?post=2598"}],"version-history":[{"count":1,"href":"https:\/\/www.ifbaiano.edu.br\/unidades\/lapa\/wp-json\/wp\/v2\/posts\/2598\/revisions"}],"predecessor-version":[{"id":2599,"href":"https:\/\/www.ifbaiano.edu.br\/unidades\/lapa\/wp-json\/wp\/v2\/posts\/2598\/revisions\/2599"}],"wp:attachment":[{"href":"https:\/\/www.ifbaiano.edu.br\/unidades\/lapa\/wp-json\/wp\/v2\/media?parent=2598"}],"wp:term":[{"taxonomy":"category","embeddable":true,"href":"https:\/\/www.ifbaiano.edu.br\/unidades\/lapa\/wp-json\/wp\/v2\/categories?post=2598"},{"taxonomy":"post_tag","embeddable":true,"href":"https:\/\/www.ifbaiano.edu.br\/unidades\/lapa\/wp-json\/wp\/v2\/tags?post=2598"}],"curies":[{"name":"wp","href":"https:\/\/api.w.org\/{rel}","templated":true}]}}