{"id":2601,"date":"2014-09-08T11:12:23","date_gmt":"2014-09-08T13:12:23","guid":{"rendered":"http:\/\/www.ifbaiano.edu.br\/unidades\/lapa\/?p=2601"},"modified":"2014-09-30T16:10:00","modified_gmt":"2014-09-30T18:10:00","slug":"publicado-edital-para-selecao-de-monitores-campus-lapa","status":"publish","type":"post","link":"https:\/\/www.ifbaiano.edu.br\/unidades\/lapa\/2014\/09\/08\/publicado-edital-para-selecao-de-monitores-campus-lapa\/","title":{"rendered":"Publicado Edital para sele\u00e7\u00e3o de Monitores -Campus Lapa"},"content":{"rendered":"<p><strong>As inscri\u00e7\u00f5es ocorrer\u00e3o no per\u00edodo de 09 a 11 de setembro.<\/strong><\/p>\n<p><!--more--><\/p>\n<p><strong>O INSTITUTO FEDERAL DE EDUCA\u00c7\u00c3O, CI\u00caNCIA E TECNOLOGIA BAIANO, <em>CAMPUS<\/em> BOM JESUS DA LAPA<\/strong>, por interm\u00e9dio do seu Diretor Geral, nomeado pela portaria N\u00ba 333, de 18 de mar\u00e7o de 2014, em conson\u00e2ncia com a Organiza\u00e7\u00e3o Did\u00e1tica da Educa\u00e7\u00e3o Profissional T\u00e9cnica de N\u00edvel M\u00e9dio, aprovada pela Resolu\u00e7\u00e3o do CONSUP N\u00ba 05, de 29 de mar\u00e7o de 2011, torna p\u00fablico o processo de Sele\u00e7\u00e3o de Monitores Bolsistas para os Cursos da Educa\u00e7\u00e3o Profissional Subsequente ao Ensino M\u00e9dio, que obedecer\u00e1 <strong>\u00e0s<\/strong><strong> <\/strong>normas e instru\u00e7\u00f5es presentes no Edital.<\/p>\n<p><a href=\"http:\/\/www.ifbaiano.edu.br\/unidades\/lapa\/files\/2014\/09\/Edital-09-2014.pdf\">&lt;&lt;&lt;&lt;&lt;&lt;&lt;ACESSEM AQUI O EDITAL&gt;&gt;&gt;&gt;&gt;&gt;&gt;<\/a><\/p>\n<p>&nbsp;<\/p>\n<p><a href=\"http:\/\/www.ifbaiano.edu.br\/unidades\/lapa\/files\/2014\/09\/retificacao-Edital-Interno-n-09.2014.pdf\" target=\"_blank\">&lt;&lt;&lt;&lt;&lt;&lt;&lt;RETIFICA\u00c7\u00c3O DO EDITAL 30\/08\/2014&gt;&gt;&gt;&gt;&gt;&gt;&gt;&gt;&gt;&gt;<\/a><\/p>\n<p>Fonte: Gabinete da Dire\u00e7\u00e3o Geral<\/p>\n","protected":false},"excerpt":{"rendered":"<p>As inscri\u00e7\u00f5es ocorrer\u00e3o no per\u00edodo de 09 a 11 de setembro.<\/p>\n","protected":false},"author":36,"featured_media":0,"comment_status":"open","ping_status":"open","sticky":false,"template":"","format":"standard","meta":[],"categories":[1],"tags":[],"_links":{"self":[{"href":"https:\/\/www.ifbaiano.edu.br\/unidades\/lapa\/wp-json\/wp\/v2\/posts\/2601"}],"collection":[{"href":"https:\/\/www.ifbaiano.edu.br\/unidades\/lapa\/wp-json\/wp\/v2\/posts"}],"about":[{"href":"https:\/\/www.ifbaiano.edu.br\/unidades\/lapa\/wp-json\/wp\/v2\/types\/post"}],"author":[{"embeddable":true,"href":"https:\/\/www.ifbaiano.edu.br\/unidades\/lapa\/wp-json\/wp\/v2\/users\/36"}],"replies":[{"embeddable":true,"href":"https:\/\/www.ifbaiano.edu.br\/unidades\/lapa\/wp-json\/wp\/v2\/comments?post=2601"}],"version-history":[{"count":4,"href":"https:\/\/www.ifbaiano.edu.br\/unidades\/lapa\/wp-json\/wp\/v2\/posts\/2601\/revisions"}],"predecessor-version":[{"id":2604,"href":"https:\/\/www.ifbaiano.edu.br\/unidades\/lapa\/wp-json\/wp\/v2\/posts\/2601\/revisions\/2604"}],"wp:attachment":[{"href":"https:\/\/www.ifbaiano.edu.br\/unidades\/lapa\/wp-json\/wp\/v2\/media?parent=2601"}],"wp:term":[{"taxonomy":"category","embeddable":true,"href":"https:\/\/www.ifbaiano.edu.br\/unidades\/lapa\/wp-json\/wp\/v2\/categories?post=2601"},{"taxonomy":"post_tag","embeddable":true,"href":"https:\/\/www.ifbaiano.edu.br\/unidades\/lapa\/wp-json\/wp\/v2\/tags?post=2601"}],"curies":[{"name":"wp","href":"https:\/\/api.w.org\/{rel}","templated":true}]}}