{"id":26032,"date":"2023-08-04T14:04:39","date_gmt":"2023-08-04T17:04:39","guid":{"rendered":"https:\/\/www.ifbaiano.edu.br\/unidades\/lapa\/?p=26032"},"modified":"2023-08-04T14:13:25","modified_gmt":"2023-08-04T17:13:25","slug":"programacao-famif-2023","status":"publish","type":"post","link":"https:\/\/www.ifbaiano.edu.br\/unidades\/lapa\/2023\/08\/04\/programacao-famif-2023\/","title":{"rendered":"Programa\u00e7\u00e3o FAMIF 2023"},"content":{"rendered":"\n<p>Confira a programa\u00e7\u00e3o das Seletivas do FESTIVAL DE ARTE E M\u00daSICA 2023 no Campus Bom Jesus da Lapa:<\/p>\n\n\n\n<h2 class=\"wp-block-heading\"><strong>DATA: <\/strong>15\/08\/2023 (TER\u00c7A-FEIRA)<\/h2>\n\n\n\n<figure class=\"wp-block-table\"><table><thead><tr><td><strong>HOR\u00c1RIO<\/strong><\/td><td><strong>APRESENTA\u00c7\u00c3O<\/strong><\/td><td><strong>PARTICIPANTES<\/strong><\/td><\/tr><\/thead><tbody><tr><td>08:00<\/td><td>Abertura Oficial \u2013 mensagem de boas-vindas<\/td><td>Comiss\u00e3o Organizadora<\/td><\/tr><tr><td>08:15<\/td><td>Participa\u00e7\u00e3o art\u00edstica especial<\/td><td>Thunga Marques<\/td><\/tr><tr><td>08:25<\/td><td><strong>Performance c\u00eanica<\/strong>: Carcar\u00e1 Sert\u00e3o Show<\/td><td>Eduarda Barbosa Ayres Pereira Ana Carolina Ayres Pereira Evfou Efrem Santos Castro Eric Efrem Santos Castro<\/td><\/tr><tr><td>08:35<\/td><td><strong>Declama\u00e7\u00e3o de Poema<\/strong>: Terra Minha<\/td><td>Isaque Alves Le\u00e3o Silva<\/td><\/tr><tr><td>08:45<\/td><td><strong>M\u00fasica Instrumental autoral | ou n\u00e3o autoral:<\/strong> &#8220;Encantos do Fingerstyle: Uma Viagem Musical pelas Cordas da Bahia, Nordeste&#8221;<\/td><td>Uelder Santos Oliveira<\/td><\/tr><tr><td>08:55<\/td><td><strong>Declama\u00e7\u00e3o de Poema:<\/strong> Minha Bahia, Meu Viver!<\/td><td>Paloma Bartira Aparecida Nogueira Oliveira<\/td><\/tr><tr><td>09:05<\/td><td><strong>Interpreta\u00e7\u00e3o musical:<\/strong> Sonho Lindo<\/td><td>Monielle Roque Rodrigues<\/td><\/tr><tr><td>09:15<\/td><td><strong>Participa\u00e7\u00e3o especial \u2013 Declama\u00e7\u00e3o de Poema: <\/strong>A Bahia tem IF Baiano em Bom Jesus da Lapa<\/td><td>Catarina Assis Catharina Assis Isaac de Jesus Marilene de Oliveira Silva Paloma Bartira Aparecida Nogueira Oliveira<\/td><\/tr><tr><td>09:25<\/td><td><strong>Apresenta\u00e7\u00e3o musical<\/strong>: Eu n\u00e3o sou cachorro n\u00e3o<\/td><td>Ge\u00e2ngelo de Matos Rosa<\/td><\/tr><tr><td>09:30 \u00e0s 10:00<\/td><td><strong>Aprecia\u00e7\u00e3o da exposi\u00e7\u00e3o das Artes Visuais<\/strong> (Desenho, Escultura e Fotografia)<\/td><td>Comiss\u00e3o Organizadora<\/td><\/tr><tr><td>10:00<\/td><td><strong>Interpreta\u00e7\u00e3o musical:<\/strong> Desbravando o Sert\u00e3o<\/td><td>Marlon M\u00e1rio dos Santos Silva Donato dos Santos Silva Junior Uelder Santos Oliveira Gabriel Costa Rodrigues<\/td><\/tr><tr><td>10:10<\/td><td><strong>Declama\u00e7\u00e3o de poema<\/strong>: Brasil: Mostra sua Cara<\/td><td>Diele dos Santos Cardoso Thyala do Nascimento Pinheiro<\/td><\/tr><tr><td>10:20<\/td><td><strong>Interpreta\u00e7\u00e3o musical:<\/strong> Asa Branca<\/td><td>Luana Feitosa dos Santos<\/td><\/tr><tr><td>10:30<\/td><td><strong>Declama\u00e7\u00e3o de poema: <\/strong>O melhor da Bahia<\/td><td>Pedro Yago Ara\u00fajo Cardoso<br>Nailane Santos Silva<\/td><\/tr><tr><td>10:40<\/td><td><strong>Dan\u00e7a<\/strong>: Dan\u00e7ando com a Alma: Emo\u00e7\u00f5es em Movimento<\/td><td>Vitor Assis da Silva Clementino<\/td><\/tr><tr><td>10:50<\/td><td><strong>Declama\u00e7\u00e3o de poema<\/strong>: Cortesias da Bahia<\/td><td>Uanderson de Souza Santos Danilo de Souza Ferreira<\/td><\/tr><tr><td>11:00<\/td><td>Participa\u00e7\u00e3o art\u00edstica especial<\/td><td>Paulo Ara\u00fajo<\/td><\/tr><tr><td colspan=\"3\"><strong>TURNO VESPERTINO<\/strong><\/td><\/tr><tr><td>13:30<\/td><td><strong>Performance c\u00eanica<\/strong>: O que importa \u00e9 Ser Bahia.<\/td><td>Isaque Alves Le\u00e3o Silva Rita de C\u00e1ssia Ferreira de Ara\u00fajo Analice Fran\u00e7a dos Santos Uelder Santos Oliveira<\/td><\/tr><tr><td>13:40<\/td><td><strong>Interpreta\u00e7\u00e3o musical: <\/strong>Tua gra\u00e7a me Basta\/ guitarra<\/td><td>Daniel Rocha Mendes<\/td><\/tr><tr><td>13:50<\/td><td><strong>Declama\u00e7\u00e3o de Poema: <\/strong>Todo Baiano \u00e9 Igual?<\/td><td>C\u00e9sar Augusto Silva Nascimento<\/td><\/tr><tr><td>14:00<\/td><td><strong>Performance c\u00eanica:<\/strong> Voc\u00ea j\u00e1 foi \u00e0 Bahia?<\/td><td>Taize Santos da Silva<\/td><\/tr><tr><td>14:10<\/td><td><strong>Dan\u00e7a:<\/strong> Bahia terra do gingado<\/td><td>Anny Aparecida da Costa Lopes Samara Cristina da Silva Santiago Maria Eduarda Rodrigues Barbosa Brenda Vitor Alves dos Santos<\/td><\/tr><tr><td>14:20<\/td><td><strong>Participa\u00e7\u00e3o especial<\/strong><\/td><td>Wilson Gabriel Oliveira Costa e Paula Cristina Santos Reis<\/td><\/tr><tr><td>14:30<\/td><td><strong>Performance c\u00eanica: <\/strong>Evangelho Segundo Washington<\/td><td>C\u00e9sar Augusto Silva Nascimento Eduardo de Oliveira Moreira Ronaldy de Oliveira Silva<\/td><\/tr><tr><td>14:40<\/td><td><strong>Declama\u00e7\u00e3o de poema<\/strong>:Minha Bahia<\/td><td>Gustavo de Medeiros Carvalho<\/td><\/tr><tr><td>14:50<\/td><td><strong>Dan\u00e7a: <\/strong>Viva a Cultura Nordestina<strong><\/strong><\/td><td>Marilene de Oliveira Silva Mirelle Rodrigues de Oliveira<\/td><\/tr><tr><td>15:00<\/td><td><strong>Declama\u00e7\u00e3o de poema: <\/strong>Terra da cultura<strong><\/strong><\/td><td>Aldo dos Santos Dias<\/td><\/tr><tr><td>15:10<\/td><td><strong>Dan\u00e7a:<\/strong> Pec serra<\/td><td>Iasmin Rodrigues dos Santos Itaiane Amorin Barbosa Pedro Wilson Alves de Lima Luiz Carlos Cara\u00edba Damacena<\/td><\/tr><tr><td>15:20<\/td><td><strong>Participa\u00e7\u00e3o art\u00edstica especial<\/strong>: Quero ver segurar!<\/td><td>Jorge Abdon Miranda Junior<\/td><\/tr><tr><td>16:00<\/td><td><strong>Proclama\u00e7\u00e3o dos finalistas<\/strong><\/td><td>Comiss\u00e3o Organizadora<\/td><\/tr><\/tbody><\/table><\/figure>\n\n\n\n<hr class=\"wp-block-separator has-alpha-channel-opacity\"\/>\n\n\n\n<p><strong>ARTES VISUAIS<\/strong><\/p>\n\n\n\n<figure class=\"wp-block-table\"><table><thead><tr><td><strong>T\u00cdTULO DA APRESENTA\u00c7\u00c3O<\/strong><\/td><td><strong>PARTICIPANTES<\/strong><\/td><\/tr><\/thead><tbody><tr><td>A Bahia e sua diversidade<\/td><td>Katson Silva Santos<\/td><\/tr><tr><td>Belezas acesas por dentro<\/td><td>Ana Clara da Silva Dias<\/td><\/tr><tr><td>A Gruta<\/td><td>Gustavo Cardoso Costa<\/td><\/tr><tr><td>Catinga: mais que um bioma<\/td><td>H\u00e9bert Lemuel Fulgencio de Figueiredo<\/td><\/tr><tr><td>Baianidade<\/td><td>Rair Gabriel Lopes<\/td><\/tr><tr><td>Enquanto o tempo nos abandona, os sonhos ainda nos alcan\u00e7am<\/td><td>Thyala do Nascimento Pinheiro<\/td><\/tr><tr><td>F\u00e9 do Sert\u00e3o<\/td><td>Hanna Karennina Ara\u00fajo Pinheiro Braga<\/td><\/tr><tr><td>Al\u00e9m dos olhos<\/td><td>Caliane Silva de Jesus<\/td><\/tr><\/tbody><\/table><\/figure>\n\n\n\n<p>Comiss\u00e3o Organizadora do Festival de Arte e M\u00fasica 2023<br>PORTARIA 48\/2023 &#8211; BJL-GAB\/BJL-DG\/RET\/IFBAIANO, de 29 de maio de 2023<br>Campus Bom Jesus da Lapa<\/p>\n\n\n\n<p><\/p>\n","protected":false},"excerpt":{"rendered":"<p>Confira a programa\u00e7\u00e3o das Seletivas do FESTIVAL DE ARTE E M\u00daSICA 2023 no Campus Bom Jesus da Lapa: DATA: 15\/08\/2023 (TER\u00c7A-FEIRA) HOR\u00c1RIO APRESENTA\u00c7\u00c3O PARTICIPANTES 08:00 Abertura Oficial \u2013 mensagem de boas-vindas Comiss\u00e3o Organizadora 08:15 Participa\u00e7\u00e3o art\u00edstica especial Thunga Marques 08:25 Performance c\u00eanica: Carcar\u00e1 Sert\u00e3o Show Eduarda Barbosa Ayres Pereira Ana Carolina Ayres Pereira Evfou Efrem [&hellip;]<\/p>\n","protected":false},"author":74,"featured_media":26036,"comment_status":"open","ping_status":"open","sticky":false,"template":"","format":"standard","meta":[],"categories":[64,1],"tags":[],"_links":{"self":[{"href":"https:\/\/www.ifbaiano.edu.br\/unidades\/lapa\/wp-json\/wp\/v2\/posts\/26032"}],"collection":[{"href":"https:\/\/www.ifbaiano.edu.br\/unidades\/lapa\/wp-json\/wp\/v2\/posts"}],"about":[{"href":"https:\/\/www.ifbaiano.edu.br\/unidades\/lapa\/wp-json\/wp\/v2\/types\/post"}],"author":[{"embeddable":true,"href":"https:\/\/www.ifbaiano.edu.br\/unidades\/lapa\/wp-json\/wp\/v2\/users\/74"}],"replies":[{"embeddable":true,"href":"https:\/\/www.ifbaiano.edu.br\/unidades\/lapa\/wp-json\/wp\/v2\/comments?post=26032"}],"version-history":[{"count":3,"href":"https:\/\/www.ifbaiano.edu.br\/unidades\/lapa\/wp-json\/wp\/v2\/posts\/26032\/revisions"}],"predecessor-version":[{"id":26037,"href":"https:\/\/www.ifbaiano.edu.br\/unidades\/lapa\/wp-json\/wp\/v2\/posts\/26032\/revisions\/26037"}],"wp:featuredmedia":[{"embeddable":true,"href":"https:\/\/www.ifbaiano.edu.br\/unidades\/lapa\/wp-json\/wp\/v2\/media\/26036"}],"wp:attachment":[{"href":"https:\/\/www.ifbaiano.edu.br\/unidades\/lapa\/wp-json\/wp\/v2\/media?parent=26032"}],"wp:term":[{"taxonomy":"category","embeddable":true,"href":"https:\/\/www.ifbaiano.edu.br\/unidades\/lapa\/wp-json\/wp\/v2\/categories?post=26032"},{"taxonomy":"post_tag","embeddable":true,"href":"https:\/\/www.ifbaiano.edu.br\/unidades\/lapa\/wp-json\/wp\/v2\/tags?post=26032"}],"curies":[{"name":"wp","href":"https:\/\/api.w.org\/{rel}","templated":true}]}}