{"id":26060,"date":"2023-08-08T10:24:58","date_gmt":"2023-08-08T13:24:58","guid":{"rendered":"https:\/\/www.ifbaiano.edu.br\/unidades\/lapa\/?p=26060"},"modified":"2023-08-08T10:39:04","modified_gmt":"2023-08-08T13:39:04","slug":"campus-bom-jesus-da-lapa-realizara-iv-simposio-de-ensino-pesquisa-e-extensao","status":"publish","type":"post","link":"https:\/\/www.ifbaiano.edu.br\/unidades\/lapa\/2023\/08\/08\/campus-bom-jesus-da-lapa-realizara-iv-simposio-de-ensino-pesquisa-e-extensao\/","title":{"rendered":"Campus Bom Jesus Da Lapa Realizar\u00e1 IV Simp\u00f3sio de Ensino, Pesquisa e Extens\u00e3o"},"content":{"rendered":"\n<p>Com o objetivo de fortalecer as a\u00e7\u00f5es de ensino, pesquisa e extens\u00e3o desenvolvidas pelo Campus, ser\u00e1 realizado no dia 14 de agosto de 2023, o IV Simp\u00f3sio de Ensino, Pesquisa e Extens\u00e3o com o tema \u201cEduca\u00e7\u00e3o, cultura e desenvolvimento sustent\u00e1vel\u201d, composto de 5 oficinas, mesa redonda e visita\u00e7\u00e3o do Caminh\u00e3o da Ci\u00eancia da UFOB \u2013 Campus Barreiras-BA. O evento \u00e9 voltado para estudantes dos cursos integrados e subsequentes, bem como servidores e colaboradores do Campus Bom Jesus da Lapa. Para participa\u00e7\u00e3o, \u00e9 obrigat\u00f3ria a inscri\u00e7\u00e3o pr\u00e9via at\u00e9 o dia 11 de agosto, mediante QR Code dispon\u00edvel no cartaz do evento.<\/p>\n\n\n\n<figure class=\"wp-block-image size-full\"><img decoding=\"async\" loading=\"lazy\" width=\"2340\" height=\"4307\" src=\"https:\/\/www.ifbaiano.edu.br\/unidades\/lapa\/files\/2023\/08\/cartaz.jpg\" alt=\"\" class=\"wp-image-26061\" \/><\/figure>\n","protected":false},"excerpt":{"rendered":"<p>Com o objetivo de fortalecer as a\u00e7\u00f5es de ensino, pesquisa e extens\u00e3o desenvolvidas pelo Campus, ser\u00e1 realizado no dia 14 de agosto de 2023, o IV Simp\u00f3sio de Ensino, Pesquisa e Extens\u00e3o com o tema \u201cEduca\u00e7\u00e3o, cultura e desenvolvimento sustent\u00e1vel\u201d, composto de 5 oficinas, mesa redonda e visita\u00e7\u00e3o do Caminh\u00e3o da Ci\u00eancia da UFOB \u2013 [&hellip;]<\/p>\n","protected":false},"author":165,"featured_media":26061,"comment_status":"open","ping_status":"open","sticky":false,"template":"","format":"standard","meta":[],"categories":[115,64,24,40],"tags":[],"_links":{"self":[{"href":"https:\/\/www.ifbaiano.edu.br\/unidades\/lapa\/wp-json\/wp\/v2\/posts\/26060"}],"collection":[{"href":"https:\/\/www.ifbaiano.edu.br\/unidades\/lapa\/wp-json\/wp\/v2\/posts"}],"about":[{"href":"https:\/\/www.ifbaiano.edu.br\/unidades\/lapa\/wp-json\/wp\/v2\/types\/post"}],"author":[{"embeddable":true,"href":"https:\/\/www.ifbaiano.edu.br\/unidades\/lapa\/wp-json\/wp\/v2\/users\/165"}],"replies":[{"embeddable":true,"href":"https:\/\/www.ifbaiano.edu.br\/unidades\/lapa\/wp-json\/wp\/v2\/comments?post=26060"}],"version-history":[{"count":3,"href":"https:\/\/www.ifbaiano.edu.br\/unidades\/lapa\/wp-json\/wp\/v2\/posts\/26060\/revisions"}],"predecessor-version":[{"id":26066,"href":"https:\/\/www.ifbaiano.edu.br\/unidades\/lapa\/wp-json\/wp\/v2\/posts\/26060\/revisions\/26066"}],"wp:featuredmedia":[{"embeddable":true,"href":"https:\/\/www.ifbaiano.edu.br\/unidades\/lapa\/wp-json\/wp\/v2\/media\/26061"}],"wp:attachment":[{"href":"https:\/\/www.ifbaiano.edu.br\/unidades\/lapa\/wp-json\/wp\/v2\/media?parent=26060"}],"wp:term":[{"taxonomy":"category","embeddable":true,"href":"https:\/\/www.ifbaiano.edu.br\/unidades\/lapa\/wp-json\/wp\/v2\/categories?post=26060"},{"taxonomy":"post_tag","embeddable":true,"href":"https:\/\/www.ifbaiano.edu.br\/unidades\/lapa\/wp-json\/wp\/v2\/tags?post=26060"}],"curies":[{"name":"wp","href":"https:\/\/api.w.org\/{rel}","templated":true}]}}