{"id":26086,"date":"2023-08-15T13:55:41","date_gmt":"2023-08-15T16:55:41","guid":{"rendered":"https:\/\/www.ifbaiano.edu.br\/unidades\/lapa\/?p=26086"},"modified":"2023-08-15T19:57:40","modified_gmt":"2023-08-15T22:57:40","slug":"comunicado-famif","status":"publish","type":"post","link":"https:\/\/www.ifbaiano.edu.br\/unidades\/lapa\/2023\/08\/15\/comunicado-famif\/","title":{"rendered":"COMUNICADO FAMIF"},"content":{"rendered":"\n<p>COMUNICADO &#8211; Em fun\u00e7\u00e3o do apag\u00e3o el\u00e9trico registrado nesta manh\u00e3, a comiss\u00e3o organizadora do Festival de Arte e M\u00fasica do Campus Bom Jesus da Lapa informa que o evento foi reprogramado para o dia 16\/08\/2023, nos turnos matutino e vespertino. A ordem das apresenta\u00e7\u00f5es fica mantida, conforme programa\u00e7\u00e3o j\u00e1 divulgada. Agradecemos a compreens\u00e3o de todos.<\/p>\n\n\n\n<figure class=\"wp-block-image size-full\"><img decoding=\"async\" src=\"https:\/\/www.ifbaiano.edu.br\/unidades\/lapa\/files\/2023\/08\/WhatsApp-Image-2023-08-15-at-13.03.13-2.jpeg\" alt=\"\" class=\"wp-image-26089\" \/><\/figure>\n","protected":false},"excerpt":{"rendered":"<p>COMUNICADO &#8211; Em fun\u00e7\u00e3o do apag\u00e3o el\u00e9trico registrado nesta manh\u00e3, a comiss\u00e3o organizadora do Festival de Arte e M\u00fasica do Campus Bom Jesus da Lapa informa que o evento foi reprogramado para o dia 16\/08\/2023, nos turnos matutino e vespertino. A ordem das apresenta\u00e7\u00f5es fica mantida, conforme programa\u00e7\u00e3o j\u00e1 divulgada. Agradecemos a compreens\u00e3o de todos.<\/p>\n","protected":false},"author":165,"featured_media":26090,"comment_status":"open","ping_status":"open","sticky":false,"template":"","format":"standard","meta":[],"categories":[64,24,65],"tags":[],"_links":{"self":[{"href":"https:\/\/www.ifbaiano.edu.br\/unidades\/lapa\/wp-json\/wp\/v2\/posts\/26086"}],"collection":[{"href":"https:\/\/www.ifbaiano.edu.br\/unidades\/lapa\/wp-json\/wp\/v2\/posts"}],"about":[{"href":"https:\/\/www.ifbaiano.edu.br\/unidades\/lapa\/wp-json\/wp\/v2\/types\/post"}],"author":[{"embeddable":true,"href":"https:\/\/www.ifbaiano.edu.br\/unidades\/lapa\/wp-json\/wp\/v2\/users\/165"}],"replies":[{"embeddable":true,"href":"https:\/\/www.ifbaiano.edu.br\/unidades\/lapa\/wp-json\/wp\/v2\/comments?post=26086"}],"version-history":[{"count":1,"href":"https:\/\/www.ifbaiano.edu.br\/unidades\/lapa\/wp-json\/wp\/v2\/posts\/26086\/revisions"}],"predecessor-version":[{"id":26091,"href":"https:\/\/www.ifbaiano.edu.br\/unidades\/lapa\/wp-json\/wp\/v2\/posts\/26086\/revisions\/26091"}],"wp:featuredmedia":[{"embeddable":true,"href":"https:\/\/www.ifbaiano.edu.br\/unidades\/lapa\/wp-json\/wp\/v2\/media\/26090"}],"wp:attachment":[{"href":"https:\/\/www.ifbaiano.edu.br\/unidades\/lapa\/wp-json\/wp\/v2\/media?parent=26086"}],"wp:term":[{"taxonomy":"category","embeddable":true,"href":"https:\/\/www.ifbaiano.edu.br\/unidades\/lapa\/wp-json\/wp\/v2\/categories?post=26086"},{"taxonomy":"post_tag","embeddable":true,"href":"https:\/\/www.ifbaiano.edu.br\/unidades\/lapa\/wp-json\/wp\/v2\/tags?post=26086"}],"curies":[{"name":"wp","href":"https:\/\/api.w.org\/{rel}","templated":true}]}}