{"id":261,"date":"2012-05-03T12:58:25","date_gmt":"2012-05-03T14:58:25","guid":{"rendered":"http:\/\/www.ifbaiano.edu.br\/unidades\/lapa\/?p=261"},"modified":"2012-05-03T13:26:07","modified_gmt":"2012-05-03T15:26:07","slug":"publicado-o-edital-de-assistencia-estudantil-2012","status":"publish","type":"post","link":"https:\/\/www.ifbaiano.edu.br\/unidades\/lapa\/2012\/05\/03\/publicado-o-edital-de-assistencia-estudantil-2012\/","title":{"rendered":"Publicado o Edital de Assist\u00eancia Estudantil 2012"},"content":{"rendered":"<p>O Diretor Geral do Instituto Federal Baiano &#8211; Campus Bom Jesus da Lapa, no uso de suas atribui\u00e7\u00f5es legais, torna p\u00fablico o Edital 01\/2012, visando \u00e0 sele\u00e7\u00e3o de discentes para participa\u00e7\u00e3o na Pol\u00edtica de Assist\u00eancia Estudantil do Campus. Confira nos links:<\/p>\n<p><a href=\"http:\/\/www.ifbaiano.edu.br\/unidades\/lapa\/files\/2012\/05\/EDITAL-01-2012.pdf\">EDITAL 01-2012<\/a><\/p>\n<p><a href=\"http:\/\/www.ifbaiano.edu.br\/unidades\/lapa\/files\/2012\/05\/ANEXO-01.pdf\">ANEXO 01<\/a><\/p>\n<p><a href=\"http:\/\/www.ifbaiano.edu.br\/unidades\/lapa\/files\/2012\/05\/ANEXO-2.pdf\">ANEXO 02<\/a><\/p>\n<p>&nbsp;<\/p>\n","protected":false},"excerpt":{"rendered":"<p>O Diretor Geral do Instituto Federal Baiano &#8211; Campus Bom Jesus da Lapa, no uso de suas atribui\u00e7\u00f5es legais, torna p\u00fablico o Edital 01\/2012, visando \u00e0 sele\u00e7\u00e3o de discentes para participa\u00e7\u00e3o na Pol\u00edtica de Assist\u00eancia Estudantil do Campus. Confira nos links: EDITAL 01-2012 ANEXO 01 ANEXO 02 &nbsp;<\/p>\n","protected":false},"author":23,"featured_media":0,"comment_status":"open","ping_status":"open","sticky":false,"template":"","format":"standard","meta":[],"categories":[1],"tags":[],"_links":{"self":[{"href":"https:\/\/www.ifbaiano.edu.br\/unidades\/lapa\/wp-json\/wp\/v2\/posts\/261"}],"collection":[{"href":"https:\/\/www.ifbaiano.edu.br\/unidades\/lapa\/wp-json\/wp\/v2\/posts"}],"about":[{"href":"https:\/\/www.ifbaiano.edu.br\/unidades\/lapa\/wp-json\/wp\/v2\/types\/post"}],"author":[{"embeddable":true,"href":"https:\/\/www.ifbaiano.edu.br\/unidades\/lapa\/wp-json\/wp\/v2\/users\/23"}],"replies":[{"embeddable":true,"href":"https:\/\/www.ifbaiano.edu.br\/unidades\/lapa\/wp-json\/wp\/v2\/comments?post=261"}],"version-history":[{"count":9,"href":"https:\/\/www.ifbaiano.edu.br\/unidades\/lapa\/wp-json\/wp\/v2\/posts\/261\/revisions"}],"predecessor-version":[{"id":263,"href":"https:\/\/www.ifbaiano.edu.br\/unidades\/lapa\/wp-json\/wp\/v2\/posts\/261\/revisions\/263"}],"wp:attachment":[{"href":"https:\/\/www.ifbaiano.edu.br\/unidades\/lapa\/wp-json\/wp\/v2\/media?parent=261"}],"wp:term":[{"taxonomy":"category","embeddable":true,"href":"https:\/\/www.ifbaiano.edu.br\/unidades\/lapa\/wp-json\/wp\/v2\/categories?post=261"},{"taxonomy":"post_tag","embeddable":true,"href":"https:\/\/www.ifbaiano.edu.br\/unidades\/lapa\/wp-json\/wp\/v2\/tags?post=261"}],"curies":[{"name":"wp","href":"https:\/\/api.w.org\/{rel}","templated":true}]}}