{"id":26172,"date":"2023-09-04T20:22:12","date_gmt":"2023-09-04T23:22:12","guid":{"rendered":"https:\/\/www.ifbaiano.edu.br\/unidades\/lapa\/?p=26172"},"modified":"2023-09-04T20:22:13","modified_gmt":"2023-09-04T23:22:13","slug":"v-simposio-sobre-educacao-inclusiva-do-velho-chico","status":"publish","type":"post","link":"https:\/\/www.ifbaiano.edu.br\/unidades\/lapa\/2023\/09\/04\/v-simposio-sobre-educacao-inclusiva-do-velho-chico\/","title":{"rendered":"V Simp\u00f3sio sobre Educa\u00e7\u00e3o Inclusiva do Velho Chico"},"content":{"rendered":"\n<figure class=\"wp-block-image size-full\"><img decoding=\"async\" src=\"https:\/\/www.ifbaiano.edu.br\/unidades\/lapa\/files\/2023\/09\/CARD-DIVULGACAO-V-SIMPOSIO-NAPNE-1.png\" alt=\"\" class=\"wp-image-26175\" \/><\/figure>\n\n\n\n<p>N\u00facleo de Atendimento \u00e0s Pessoas com Necessidades Educacionais Espec\u00edficas &#8211; Napne\/IF Baiano Campus Bom Jesus da Lapa, promove o V Simp\u00f3sio Sobre Educa\u00e7\u00e3o Inclusiva do Territ\u00f3rio Velho Chico.<br>O evento tem o intuito de proporcionar aos participantes um espa\u00e7o de forma\u00e7\u00e3o acerca da inclus\u00e3o de pessoas com defici\u00eancia, transtornos e\/ou altas habilidades e superdota\u00e7\u00e3o, nesse sentido, oferecer\u00e1 palestras, debates, relatos de experi\u00eancias e cine inclus\u00e3o alinhados \u00e0 tem\u00e1tica-chave. Nessa concep\u00e7\u00e3o, busca-se superar os desafios hist\u00f3ricos, tanto em termos te\u00f3ricos e pr\u00e1ticos, discutindo os desafios do contexto atual, com o objetivo de refletir e repensar pr\u00e1ticas que favore\u00e7am a inclus\u00e3o e acessibilidade de pessoas com defici\u00eancia.<br>Ocorrer\u00e1 nos dias 21 e 22 de setembro. Todo evento ser\u00e1 realizado de forma presencial e gratuito.<br>As inscri\u00e7\u00f5es podem ser feitas por meio do link:<a rel=\"noreferrer noopener\" href=\"https:\/\/suap.ifbaiano.edu.br\/eventos\/inscricao_publica\/1165\/\" target=\"_blank\">https:\/\/suap.ifbaiano.edu.br\/eventos\/inscricao_publica\/1165\/<\/a><br>Contamos com sua presen\u00e7a!<\/p>\n\n\n\n<p><strong>DESCRI\u00c7\u00c3O:<\/strong><\/p>\n\n\n\n<p>Card em formato retangular, de fundo verde. Na parte superior a esquerda, um quadrado branco contendo o s\u00edmbolo colorido do N\u00facleo de Atendimento \u00e0s Pessoas com Necessidades Espec\u00edficas &#8211; NAPNE. \u00c0 direita do quadrado, frase escrita em letras brancas: V SIMP\u00d3SIO SOBRE.<\/p>\n\n\n\n<p>No centro, \u00e0 esquerda, frase em letras brancas: EDUCA\u00c7\u00c3O INCLUSIVA. \u00c0 direita, quadrado branco contendo o s\u00edmbolo de acessibilidade.<\/p>\n\n\n\n<p>Na parte inferior, \u00e0 esquerda, quadrado branco contendo a imagem do Territ\u00f3rio de Identidade do Velho Chico na cor verde. \u00c0 direita, frase escrita em letras pretas: DO VELHO CHICO. No rodap\u00e9, no canto direito, logomarca do IF Baiano \u2013 Campus Bom Jesus da Lapa<\/p>\n\n\n\n<figure class=\"wp-block-image size-full\"><img decoding=\"async\" src=\"https:\/\/www.ifbaiano.edu.br\/unidades\/lapa\/files\/2023\/09\/Programacao-do-V-Simposio-do-NAPNE-1.png\" alt=\"\" class=\"wp-image-26176\" \/><\/figure>\n\n\n\n<p>V Simp\u00f3sio Sobre Educa\u00e7\u00e3o Inclusiva do Territ\u00f3rio Velho Chico, organizado pelo&nbsp;N\u00facleo de Atendimento \u00e0s Pessoas com Necessidades Educacionais Espec\u00edficas &#8211; Napne\/IF Baiano Campus Bom Jesus da Lapa:&nbsp;<\/p>\n\n\n\n<p><strong>PROGRAMA\u00c7\u00c3O:<\/strong><\/p>\n\n\n\n<p><strong>DIA 21\/09<\/strong><\/p>\n\n\n\n<p><strong>TARDE:<\/strong><\/p>\n\n\n\n<p>13:30 ABERTURA<\/p>\n\n\n\n<p>14:00 APRESENTA\u00c7\u00d5ES MUSICAIS<\/p>\n\n\n\n<p>14:20 PALESTRA<\/p>\n\n\n\n<p><strong>NOITE:<\/strong><\/p>\n\n\n\n<p>19:30 APRESENTA\u00c7\u00c3O MUSICAL<\/p>\n\n\n\n<p>20:00 PALESTRA<\/p>\n\n\n\n<p><strong>DIA 22\/09<\/strong><\/p>\n\n\n\n<p><strong>MANH\u00c3:<\/strong><\/p>\n\n\n\n<p>08:00 RELATOS DE EXPERI\u00caNCIAS<\/p>\n\n\n\n<p>10:00 MESA DE DEBATE \u2013 GRUPO DE ESTUDOS GENI<\/p>\n\n\n\n<p><strong>TARDE:<\/strong><\/p>\n\n\n\n<p>14:00 CINE INCLUS\u00c3O<\/p>\n\n\n\n<p><strong>DESCRI\u00c7\u00c3O:<\/strong><\/p>\n\n\n\n<p>Card no formato retangular, com fundo em verde.<\/p>\n\n\n\n<p>Na parte superior, \u00e0 esquerda logomarca do IF Baiano Campus Bom Jesus da Lapa, ao centro um ret\u00e2ngulo branco contendo o T\u00edtulo \u201cPROGRAMA\u00c7\u00c3O\u201d em letras pretas e \u00e0 direita imagem do card de divulga\u00e7\u00e3o do V Simp\u00f3sio Sobre Educa\u00e7\u00e3o Inclusiva do Territ\u00f3rio Velho Chico.<\/p>\n\n\n\n<p>No centro da imagem, informa\u00e7\u00e3o da programa\u00e7\u00e3o do evento nos dias 21 e 22 de setembro, contendo datas, turnos e hor\u00e1rios escritos em letras brancas e informa\u00e7\u00f5es do que acontecer\u00e1 em cada hor\u00e1rio em letras pretas.<\/p>\n\n\n\n<p>Na parte inferior, um pequeno ret\u00e2ngulo branco contendo a palavra \u201cPALESTRANTES\u201d em letras pretas e um grande ret\u00e2ngulo branco contendo fotografias e informa\u00e7\u00f5es dos palestrantes. \u00c0 direita, mulher negra de pele morena clara, cabelos cacheados e castanhos escuros, usa \u00f3culos de arma\u00e7\u00e3o grande na cor preta, uma blusa azul e est\u00e1 sorridente, abaixo da foto informa\u00e7\u00f5es em letras pretas: ADEVANUCIA NERE, Prof\u00aa de AEE IF Baiano &#8211; Campus Lapa, Mestra em Educa\u00e7\u00e3o e Diversidade, Especialista em AEE. \u00c0 esquerda, homem pardo, de cabelos curtos e pretos esbor\u00e7a&nbsp;um leve sorriso, usa uma camisa gola polo na cor azul.<\/p>\n\n\n\n<p>No rodap\u00e9, informa\u00e7\u00e3o do local do evento: Audit\u00f3rio do IF Baiano \u2013 Campus Lapa.<\/p>\n","protected":false},"excerpt":{"rendered":"<p>N\u00facleo de Atendimento \u00e0s Pessoas com Necessidades Educacionais Espec\u00edficas &#8211; Napne\/IF Baiano Campus Bom Jesus da Lapa, promove o V Simp\u00f3sio Sobre Educa\u00e7\u00e3o Inclusiva do Territ\u00f3rio Velho Chico.O evento tem o intuito de proporcionar aos participantes um espa\u00e7o de forma\u00e7\u00e3o acerca da inclus\u00e3o de pessoas com defici\u00eancia, transtornos e\/ou altas habilidades e superdota\u00e7\u00e3o, nesse sentido, [&hellip;]<\/p>\n","protected":false},"author":165,"featured_media":26173,"comment_status":"open","ping_status":"open","sticky":false,"template":"","format":"standard","meta":[],"categories":[115,64,24,65],"tags":[],"_links":{"self":[{"href":"https:\/\/www.ifbaiano.edu.br\/unidades\/lapa\/wp-json\/wp\/v2\/posts\/26172"}],"collection":[{"href":"https:\/\/www.ifbaiano.edu.br\/unidades\/lapa\/wp-json\/wp\/v2\/posts"}],"about":[{"href":"https:\/\/www.ifbaiano.edu.br\/unidades\/lapa\/wp-json\/wp\/v2\/types\/post"}],"author":[{"embeddable":true,"href":"https:\/\/www.ifbaiano.edu.br\/unidades\/lapa\/wp-json\/wp\/v2\/users\/165"}],"replies":[{"embeddable":true,"href":"https:\/\/www.ifbaiano.edu.br\/unidades\/lapa\/wp-json\/wp\/v2\/comments?post=26172"}],"version-history":[{"count":1,"href":"https:\/\/www.ifbaiano.edu.br\/unidades\/lapa\/wp-json\/wp\/v2\/posts\/26172\/revisions"}],"predecessor-version":[{"id":26177,"href":"https:\/\/www.ifbaiano.edu.br\/unidades\/lapa\/wp-json\/wp\/v2\/posts\/26172\/revisions\/26177"}],"wp:featuredmedia":[{"embeddable":true,"href":"https:\/\/www.ifbaiano.edu.br\/unidades\/lapa\/wp-json\/wp\/v2\/media\/26173"}],"wp:attachment":[{"href":"https:\/\/www.ifbaiano.edu.br\/unidades\/lapa\/wp-json\/wp\/v2\/media?parent=26172"}],"wp:term":[{"taxonomy":"category","embeddable":true,"href":"https:\/\/www.ifbaiano.edu.br\/unidades\/lapa\/wp-json\/wp\/v2\/categories?post=26172"},{"taxonomy":"post_tag","embeddable":true,"href":"https:\/\/www.ifbaiano.edu.br\/unidades\/lapa\/wp-json\/wp\/v2\/tags?post=26172"}],"curies":[{"name":"wp","href":"https:\/\/api.w.org\/{rel}","templated":true}]}}