{"id":2618,"date":"2014-09-22T12:38:39","date_gmt":"2014-09-22T14:38:39","guid":{"rendered":"http:\/\/www.ifbaiano.edu.br\/unidades\/lapa\/?p=2618"},"modified":"2014-09-22T12:38:39","modified_gmt":"2014-09-22T14:38:39","slug":"novo-horario-de-aulas-do-curso-tecnico-informatica-modulos-ii-e-iii","status":"publish","type":"post","link":"https:\/\/www.ifbaiano.edu.br\/unidades\/lapa\/2014\/09\/22\/novo-horario-de-aulas-do-curso-tecnico-informatica-modulos-ii-e-iii\/","title":{"rendered":"Novo Hor\u00e1rio de Aulas do Curso T\u00e9cnico Inform\u00e1tica m\u00f3dulos II e III"},"content":{"rendered":"<p>A coordena\u00e7\u00e3o de Ensino Divulga:<\/p>\n<p>Novo Hor\u00e1rio de Aulas do Curso T\u00e9cnico Subsequente em inform\u00e1tica m\u00f3dulos II e III.<br \/>\nVigente a partir de 22\/09\/2014.<\/p>\n<p><a href=\"http:\/\/www.ifbaiano.edu.br\/unidades\/lapa\/files\/2014\/09\/horario_vigente_2014.pdf\">horario_vigente_2014<\/a><\/p>\n<p>&nbsp;<\/p>\n","protected":false},"excerpt":{"rendered":"<p>A coordena\u00e7\u00e3o de Ensino Divulga: Novo Hor\u00e1rio de Aulas do Curso T\u00e9cnico Subsequente em inform\u00e1tica m\u00f3dulos II e III. Vigente a partir de 22\/09\/2014. horario_vigente_2014 &nbsp;<\/p>\n","protected":false},"author":36,"featured_media":0,"comment_status":"open","ping_status":"open","sticky":false,"template":"","format":"standard","meta":[],"categories":[32,30,50],"tags":[],"_links":{"self":[{"href":"https:\/\/www.ifbaiano.edu.br\/unidades\/lapa\/wp-json\/wp\/v2\/posts\/2618"}],"collection":[{"href":"https:\/\/www.ifbaiano.edu.br\/unidades\/lapa\/wp-json\/wp\/v2\/posts"}],"about":[{"href":"https:\/\/www.ifbaiano.edu.br\/unidades\/lapa\/wp-json\/wp\/v2\/types\/post"}],"author":[{"embeddable":true,"href":"https:\/\/www.ifbaiano.edu.br\/unidades\/lapa\/wp-json\/wp\/v2\/users\/36"}],"replies":[{"embeddable":true,"href":"https:\/\/www.ifbaiano.edu.br\/unidades\/lapa\/wp-json\/wp\/v2\/comments?post=2618"}],"version-history":[{"count":12,"href":"https:\/\/www.ifbaiano.edu.br\/unidades\/lapa\/wp-json\/wp\/v2\/posts\/2618\/revisions"}],"predecessor-version":[{"id":2630,"href":"https:\/\/www.ifbaiano.edu.br\/unidades\/lapa\/wp-json\/wp\/v2\/posts\/2618\/revisions\/2630"}],"wp:attachment":[{"href":"https:\/\/www.ifbaiano.edu.br\/unidades\/lapa\/wp-json\/wp\/v2\/media?parent=2618"}],"wp:term":[{"taxonomy":"category","embeddable":true,"href":"https:\/\/www.ifbaiano.edu.br\/unidades\/lapa\/wp-json\/wp\/v2\/categories?post=2618"},{"taxonomy":"post_tag","embeddable":true,"href":"https:\/\/www.ifbaiano.edu.br\/unidades\/lapa\/wp-json\/wp\/v2\/tags?post=2618"}],"curies":[{"name":"wp","href":"https:\/\/api.w.org\/{rel}","templated":true}]}}