{"id":26268,"date":"2023-09-19T18:18:06","date_gmt":"2023-09-19T21:18:06","guid":{"rendered":"https:\/\/www.ifbaiano.edu.br\/unidades\/lapa\/?p=26268"},"modified":"2023-09-19T18:18:06","modified_gmt":"2023-09-19T21:18:06","slug":"processo-seletivo-de-monitores-de-ensino-dos-cursos-tecnicos-de-nivel-medio-2","status":"publish","type":"post","link":"https:\/\/www.ifbaiano.edu.br\/unidades\/lapa\/2023\/09\/19\/processo-seletivo-de-monitores-de-ensino-dos-cursos-tecnicos-de-nivel-medio-2\/","title":{"rendered":"Processo seletivo de monitores de ensino dos cursos t\u00e9cnicos de n\u00edvel m\u00e9dio"},"content":{"rendered":"\n<figure class=\"wp-block-image size-full\"><img decoding=\"async\" loading=\"lazy\" width=\"900\" height=\"1600\" src=\"https:\/\/www.ifbaiano.edu.br\/unidades\/lapa\/files\/2023\/09\/WhatsApp-Image-2023-09-18-at-15.48.34.jpeg\" alt=\"\" class=\"wp-image-26269\" \/><\/figure>\n\n\n\n<p>Edital de monitoria dos cursos t\u00e9cnicos est\u00e1 com edital publicado.<br>Mais informa\u00e7\u00f5es acessar https:\/\/www.ifbaiano.edu.br\/unidades\/lapa\/editais-e-selecoes-2023\/.<\/p>\n","protected":false},"excerpt":{"rendered":"<p>Edital de monitoria dos cursos t\u00e9cnicos est\u00e1 com edital publicado.Mais informa\u00e7\u00f5es acessar https:\/\/www.ifbaiano.edu.br\/unidades\/lapa\/editais-e-selecoes-2023\/.<\/p>\n","protected":false},"author":165,"featured_media":26269,"comment_status":"open","ping_status":"open","sticky":false,"template":"","format":"standard","meta":[],"categories":[64,24,68,65],"tags":[],"_links":{"self":[{"href":"https:\/\/www.ifbaiano.edu.br\/unidades\/lapa\/wp-json\/wp\/v2\/posts\/26268"}],"collection":[{"href":"https:\/\/www.ifbaiano.edu.br\/unidades\/lapa\/wp-json\/wp\/v2\/posts"}],"about":[{"href":"https:\/\/www.ifbaiano.edu.br\/unidades\/lapa\/wp-json\/wp\/v2\/types\/post"}],"author":[{"embeddable":true,"href":"https:\/\/www.ifbaiano.edu.br\/unidades\/lapa\/wp-json\/wp\/v2\/users\/165"}],"replies":[{"embeddable":true,"href":"https:\/\/www.ifbaiano.edu.br\/unidades\/lapa\/wp-json\/wp\/v2\/comments?post=26268"}],"version-history":[{"count":1,"href":"https:\/\/www.ifbaiano.edu.br\/unidades\/lapa\/wp-json\/wp\/v2\/posts\/26268\/revisions"}],"predecessor-version":[{"id":26270,"href":"https:\/\/www.ifbaiano.edu.br\/unidades\/lapa\/wp-json\/wp\/v2\/posts\/26268\/revisions\/26270"}],"wp:featuredmedia":[{"embeddable":true,"href":"https:\/\/www.ifbaiano.edu.br\/unidades\/lapa\/wp-json\/wp\/v2\/media\/26269"}],"wp:attachment":[{"href":"https:\/\/www.ifbaiano.edu.br\/unidades\/lapa\/wp-json\/wp\/v2\/media?parent=26268"}],"wp:term":[{"taxonomy":"category","embeddable":true,"href":"https:\/\/www.ifbaiano.edu.br\/unidades\/lapa\/wp-json\/wp\/v2\/categories?post=26268"},{"taxonomy":"post_tag","embeddable":true,"href":"https:\/\/www.ifbaiano.edu.br\/unidades\/lapa\/wp-json\/wp\/v2\/tags?post=26268"}],"curies":[{"name":"wp","href":"https:\/\/api.w.org\/{rel}","templated":true}]}}