{"id":26286,"date":"2023-09-28T19:11:01","date_gmt":"2023-09-28T22:11:01","guid":{"rendered":"https:\/\/www.ifbaiano.edu.br\/unidades\/lapa\/?p=26286"},"modified":"2023-09-28T19:27:57","modified_gmt":"2023-09-28T22:27:57","slug":"ii-congresso-de-ensino-pesquisa-e-extensao-do-if-baiano","status":"publish","type":"post","link":"https:\/\/www.ifbaiano.edu.br\/unidades\/lapa\/2023\/09\/28\/ii-congresso-de-ensino-pesquisa-e-extensao-do-if-baiano\/","title":{"rendered":"II CONGRESSO DE ENSINO, PESQUISA E EXTENS\u00c3O DO IF BAIANO"},"content":{"rendered":"\n<p><\/p>\n\n\n\n<figure class=\"wp-block-image size-full\"><img decoding=\"async\" loading=\"lazy\" width=\"1024\" height=\"1024\" src=\"https:\/\/www.ifbaiano.edu.br\/unidades\/lapa\/files\/2023\/09\/WhatsApp-Image-2023-09-28-at-18.40.23.jpeg\" alt=\"\" class=\"wp-image-26287\" \/><\/figure>\n\n\n\n<h4 class=\"wp-block-heading\"> O II Congresso de Ensino, Pesquisa e Extens\u00e3o do IF Baiano \u00e9 um evento acad\u00eamico-cient\u00edfico que objetiva divulgar a produ\u00e7\u00e3o de conhecimento entre discentes, extensionistas, profissionais da educa\u00e7\u00e3o, pesquisadores(as), gestores(as) e demais interessados(as). O evento neste ano de 2023 ocorrer\u00e1 no Campus Bom Jesus da Lapa. Por isso, vimos mobilizar e pedir a participa\u00e7\u00e3o massiva de nossa comunidade, para refor\u00e7ar nosso esp\u00edrito acolhedor, participativo e receptivo. As atividades ser\u00e3o realizadas no per\u00edodo de 03 a 05 de outubro de 2023. Por for\u00e7a das quest\u00f5es atinentes \u00e0 prepara\u00e7\u00e3o do espa\u00e7o, n\u00e3o teremos nenhuma atividade letiva no dia 02\/10\/2023. As atividades est\u00e3o detalhadas no link: https:\/\/eventos.ifbaiano.edu.br\/portal\/congresso\/2023-2\/programacao\/. Pedimos que todos(as) os alunos acessem, escolham suas atividades e participem. Vamos mostrar nossa integra\u00e7\u00e3o e esp\u00edrito participativo.<br><br>INSCRI\u00c7\u00d5ES CEPEX:<br>  <a href=\"https:\/\/suap.ifbaiano.edu.br\/eventos\/inscricao_publica\/1119\/\" target=\"_blank\" rel=\"noopener\">https:\/\/suap.ifbaiano.edu.br\/eventos\/inscricao_publica\/1119\/<\/a><br><br>PROGRAMA\u00c7\u00c3O FAMIF:<br> <a href=\"https:\/\/ifbaiano.edu.br\/portal\/extensao\/famif-2023\/programacao-intercampi-2024\/\" target=\"_blank\" rel=\"noopener\">https:\/\/ifbaiano.edu.br\/portal\/extensao\/famif-2023\/programacao-intercampi-2024\/<\/a><br><br><\/h4>\n","protected":false},"excerpt":{"rendered":"<p>O II Congresso de Ensino, Pesquisa e Extens\u00e3o do IF Baiano \u00e9 um evento acad\u00eamico-cient\u00edfico que objetiva divulgar a produ\u00e7\u00e3o de conhecimento entre discentes, extensionistas, profissionais da educa\u00e7\u00e3o, pesquisadores(as), gestores(as) e demais interessados(as). O evento neste ano de 2023 ocorrer\u00e1 no Campus Bom Jesus da Lapa. Por isso, vimos mobilizar e pedir a participa\u00e7\u00e3o massiva [&hellip;]<\/p>\n","protected":false},"author":165,"featured_media":26287,"comment_status":"open","ping_status":"open","sticky":false,"template":"","format":"standard","meta":[],"categories":[64,24,40,65],"tags":[],"_links":{"self":[{"href":"https:\/\/www.ifbaiano.edu.br\/unidades\/lapa\/wp-json\/wp\/v2\/posts\/26286"}],"collection":[{"href":"https:\/\/www.ifbaiano.edu.br\/unidades\/lapa\/wp-json\/wp\/v2\/posts"}],"about":[{"href":"https:\/\/www.ifbaiano.edu.br\/unidades\/lapa\/wp-json\/wp\/v2\/types\/post"}],"author":[{"embeddable":true,"href":"https:\/\/www.ifbaiano.edu.br\/unidades\/lapa\/wp-json\/wp\/v2\/users\/165"}],"replies":[{"embeddable":true,"href":"https:\/\/www.ifbaiano.edu.br\/unidades\/lapa\/wp-json\/wp\/v2\/comments?post=26286"}],"version-history":[{"count":4,"href":"https:\/\/www.ifbaiano.edu.br\/unidades\/lapa\/wp-json\/wp\/v2\/posts\/26286\/revisions"}],"predecessor-version":[{"id":26295,"href":"https:\/\/www.ifbaiano.edu.br\/unidades\/lapa\/wp-json\/wp\/v2\/posts\/26286\/revisions\/26295"}],"wp:featuredmedia":[{"embeddable":true,"href":"https:\/\/www.ifbaiano.edu.br\/unidades\/lapa\/wp-json\/wp\/v2\/media\/26287"}],"wp:attachment":[{"href":"https:\/\/www.ifbaiano.edu.br\/unidades\/lapa\/wp-json\/wp\/v2\/media?parent=26286"}],"wp:term":[{"taxonomy":"category","embeddable":true,"href":"https:\/\/www.ifbaiano.edu.br\/unidades\/lapa\/wp-json\/wp\/v2\/categories?post=26286"},{"taxonomy":"post_tag","embeddable":true,"href":"https:\/\/www.ifbaiano.edu.br\/unidades\/lapa\/wp-json\/wp\/v2\/tags?post=26286"}],"curies":[{"name":"wp","href":"https:\/\/api.w.org\/{rel}","templated":true}]}}