{"id":26293,"date":"2023-09-29T12:33:36","date_gmt":"2023-09-29T15:33:36","guid":{"rendered":"https:\/\/www.ifbaiano.edu.br\/unidades\/lapa\/?p=26293"},"modified":"2023-09-29T12:34:12","modified_gmt":"2023-09-29T15:34:12","slug":"roteiro-dos-transportes-durante-o-ii-congressso-de-ensino-pesquisa-e-extensao-if-baiano","status":"publish","type":"post","link":"https:\/\/www.ifbaiano.edu.br\/unidades\/lapa\/2023\/09\/29\/roteiro-dos-transportes-durante-o-ii-congressso-de-ensino-pesquisa-e-extensao-if-baiano\/","title":{"rendered":"ROTEIRO DOS TRANSPORTES DURANTE O II CONGRESSSO DE ENSINO, PESQUISA E EXTENS\u00c3O IF BAIANO"},"content":{"rendered":"\n<p>A Dire\u00e7\u00e3o do Campus Bom Jesus da Lapa torna p\u00fablico o roteiro dos transportes durante a realiza\u00e7\u00e3o do II Congresso de Ensino, Pesquisa e Extens\u00e3o do IF Baiano, conforme arquivo anexo.<\/p>\n\n\n\n<a href=\"https:\/\/www.ifbaiano.edu.br\/unidades\/lapa\/files\/2023\/09\/Cartaz_horarios.pdf\" target=\"_blank\" rel=\"noopener\">https:\/\/www.ifbaiano.edu.br\/unidades\/lapa\/files\/2023\/09\/Cartaz_horarios.pdf<\/a>\n","protected":false},"excerpt":{"rendered":"<p>A Dire\u00e7\u00e3o do Campus Bom Jesus da Lapa torna p\u00fablico o roteiro dos transportes durante a realiza\u00e7\u00e3o do II Congresso de Ensino, Pesquisa e Extens\u00e3o do IF Baiano, conforme arquivo anexo. https:\/\/www.ifbaiano.edu.br\/unidades\/lapa\/files\/2023\/09\/Cartaz_horarios.pdf<\/p>\n","protected":false},"author":165,"featured_media":0,"comment_status":"open","ping_status":"open","sticky":false,"template":"","format":"standard","meta":[],"categories":[115,64,24,65],"tags":[],"_links":{"self":[{"href":"https:\/\/www.ifbaiano.edu.br\/unidades\/lapa\/wp-json\/wp\/v2\/posts\/26293"}],"collection":[{"href":"https:\/\/www.ifbaiano.edu.br\/unidades\/lapa\/wp-json\/wp\/v2\/posts"}],"about":[{"href":"https:\/\/www.ifbaiano.edu.br\/unidades\/lapa\/wp-json\/wp\/v2\/types\/post"}],"author":[{"embeddable":true,"href":"https:\/\/www.ifbaiano.edu.br\/unidades\/lapa\/wp-json\/wp\/v2\/users\/165"}],"replies":[{"embeddable":true,"href":"https:\/\/www.ifbaiano.edu.br\/unidades\/lapa\/wp-json\/wp\/v2\/comments?post=26293"}],"version-history":[{"count":1,"href":"https:\/\/www.ifbaiano.edu.br\/unidades\/lapa\/wp-json\/wp\/v2\/posts\/26293\/revisions"}],"predecessor-version":[{"id":26296,"href":"https:\/\/www.ifbaiano.edu.br\/unidades\/lapa\/wp-json\/wp\/v2\/posts\/26293\/revisions\/26296"}],"wp:attachment":[{"href":"https:\/\/www.ifbaiano.edu.br\/unidades\/lapa\/wp-json\/wp\/v2\/media?parent=26293"}],"wp:term":[{"taxonomy":"category","embeddable":true,"href":"https:\/\/www.ifbaiano.edu.br\/unidades\/lapa\/wp-json\/wp\/v2\/categories?post=26293"},{"taxonomy":"post_tag","embeddable":true,"href":"https:\/\/www.ifbaiano.edu.br\/unidades\/lapa\/wp-json\/wp\/v2\/tags?post=26293"}],"curies":[{"name":"wp","href":"https:\/\/api.w.org\/{rel}","templated":true}]}}