{"id":2631,"date":"2014-09-24T13:22:13","date_gmt":"2014-09-24T15:22:13","guid":{"rendered":"http:\/\/www.ifbaiano.edu.br\/unidades\/lapa\/?p=2631"},"modified":"2014-09-24T13:24:00","modified_gmt":"2014-09-24T15:24:00","slug":"resultado-final-de-selecao-de-monitores","status":"publish","type":"post","link":"https:\/\/www.ifbaiano.edu.br\/unidades\/lapa\/2014\/09\/24\/resultado-final-de-selecao-de-monitores\/","title":{"rendered":"Resultado Final de Sele\u00e7\u00e3o de Monitores"},"content":{"rendered":"<p>O Diretor Geral do Instituto Federal de Educa\u00e7\u00e3o, Ci\u00eancia e Tecnologia Baiano &#8211; IF Baiano \u2013 <em>Campus<\/em> Bom Jesus da Lapa torna p\u00fablico o resultado final de Sele\u00e7\u00e3o para Monitores Bolsistas para os Cursos de Educa\u00e7\u00e3o Profissional T\u00e9cnica de N\u00edvel M\u00e9dio, conforme Edital n\u00ba 09\/2014 de 08 de Setembro de 2014.<\/p>\n<p><a href=\"http:\/\/www.ifbaiano.edu.br\/unidades\/lapa\/files\/2014\/09\/resultadomonitoria.pdf\">Acessem aqui o documento.<\/a><\/p>\n<p>&nbsp;<\/p>\n<p>Fonte: Gabinete da Dire\u00e7\u00e3o Geral<\/p>\n","protected":false},"excerpt":{"rendered":"<p>O Diretor Geral do Instituto Federal de Educa\u00e7\u00e3o, Ci\u00eancia e Tecnologia Baiano &#8211; IF Baiano \u2013 Campus Bom Jesus da Lapa torna p\u00fablico o resultado final de Sele\u00e7\u00e3o para Monitores Bolsistas para os Cursos de Educa\u00e7\u00e3o Profissional T\u00e9cnica de N\u00edvel M\u00e9dio, conforme Edital n\u00ba 09\/2014 de 08 de Setembro de 2014. Acessem aqui o documento. [&hellip;]<\/p>\n","protected":false},"author":36,"featured_media":0,"comment_status":"open","ping_status":"open","sticky":false,"template":"","format":"standard","meta":[],"categories":[1],"tags":[],"_links":{"self":[{"href":"https:\/\/www.ifbaiano.edu.br\/unidades\/lapa\/wp-json\/wp\/v2\/posts\/2631"}],"collection":[{"href":"https:\/\/www.ifbaiano.edu.br\/unidades\/lapa\/wp-json\/wp\/v2\/posts"}],"about":[{"href":"https:\/\/www.ifbaiano.edu.br\/unidades\/lapa\/wp-json\/wp\/v2\/types\/post"}],"author":[{"embeddable":true,"href":"https:\/\/www.ifbaiano.edu.br\/unidades\/lapa\/wp-json\/wp\/v2\/users\/36"}],"replies":[{"embeddable":true,"href":"https:\/\/www.ifbaiano.edu.br\/unidades\/lapa\/wp-json\/wp\/v2\/comments?post=2631"}],"version-history":[{"count":3,"href":"https:\/\/www.ifbaiano.edu.br\/unidades\/lapa\/wp-json\/wp\/v2\/posts\/2631\/revisions"}],"predecessor-version":[{"id":2635,"href":"https:\/\/www.ifbaiano.edu.br\/unidades\/lapa\/wp-json\/wp\/v2\/posts\/2631\/revisions\/2635"}],"wp:attachment":[{"href":"https:\/\/www.ifbaiano.edu.br\/unidades\/lapa\/wp-json\/wp\/v2\/media?parent=2631"}],"wp:term":[{"taxonomy":"category","embeddable":true,"href":"https:\/\/www.ifbaiano.edu.br\/unidades\/lapa\/wp-json\/wp\/v2\/categories?post=2631"},{"taxonomy":"post_tag","embeddable":true,"href":"https:\/\/www.ifbaiano.edu.br\/unidades\/lapa\/wp-json\/wp\/v2\/tags?post=2631"}],"curies":[{"name":"wp","href":"https:\/\/api.w.org\/{rel}","templated":true}]}}