{"id":26349,"date":"2023-10-06T08:52:53","date_gmt":"2023-10-06T11:52:53","guid":{"rendered":"https:\/\/www.ifbaiano.edu.br\/unidades\/lapa\/?p=26349"},"modified":"2023-10-09T11:50:21","modified_gmt":"2023-10-09T14:50:21","slug":"processo-seletivo-2024-para-ingresso-de-estudantes-nos-cursos-tecnicos-integrados-ao-ensino-medio","status":"publish","type":"post","link":"https:\/\/www.ifbaiano.edu.br\/unidades\/lapa\/2023\/10\/06\/processo-seletivo-2024-para-ingresso-de-estudantes-nos-cursos-tecnicos-integrados-ao-ensino-medio\/","title":{"rendered":"PROCESSO SELETIVO 2024 PARA INGRESSO DE ESTUDANTES NOS CURSOS T\u00c9CNICOS INTEGRADOS AO ENSINO M\u00c9DIO"},"content":{"rendered":"\n<p>Aten\u00e7\u00e3o estudantes do 9\u00ba ano! Hoje, 04\/10\/2023 foi lan\u00e7ado o edital 27\/2023 que orienta o ingresso de estudantes para os cursos t\u00e9cnicos integrados ao ensino m\u00e9dio. As op\u00e7\u00f5es de curso s\u00e3o Agroecologia, Agricultura e Inform\u00e1tica, totalizando 120 vagas. Leia o edital para saber sobre a documenta\u00e7\u00e3o necess\u00e1ria e os tipos de vagas que s\u00e3o destinadas \u00e0s a\u00e7\u00f5es afirmativas. Ser\u00e3o crit\u00e9rios de sele\u00e7\u00e3o e classifica\u00e7\u00e3o notas finais do 8\u00ba ano nas disciplinas de L\u00edngua Portuguesa, Matem\u00e1tica, Hist\u00f3ria, Ci\u00eancias e Geografia. Fique de olho no cronograma do edital para saber as datas de inscri\u00e7\u00e3o e resultados. Prepare a documenta\u00e7\u00e3o e n\u00e3o fique de fora dessa oportunidade de estudar numa Institui\u00e7\u00e3o Federal, p\u00fablica, gratuita e de qualidade. <a href=\"https:\/\/www.instagram.com\/explore\/tags\/n%C3%B3s\/\">#N\u00f3s<\/a> somos o IF Baiano#.<\/p>\n\n\n\n<p><a href=\"https:\/\/www.ifbaiano.edu.br\/unidades\/lapa\/edital-27-2023\/\">ACESSE AQUI A P\u00c1GINA DO EDITAL<\/a><\/p>\n\n\n\n<figure class=\"wp-block-image size-full\"><img decoding=\"async\" loading=\"lazy\" width=\"1080\" height=\"1080\" src=\"https:\/\/www.ifbaiano.edu.br\/unidades\/lapa\/files\/2023\/10\/Texto-do-seu-paragrafo.png\" alt=\"\" class=\"wp-image-26345\" \/><\/figure>\n\n\n\n<p>DESCRI\u00c7\u00c3O DO CARD<\/p>\n\n\n\n<p>Card quadrado com fundo verde.<br>Na parte superior, \u00e0 esquerda, l\u00ea-se o texto: \u201cIngresso de Estudante 2024\u201d e a direita escrito em caixa alta e letras verdes: \u201cIF BAIANO\u201d. Abaixo, informa\u00e7\u00f5es: \u201cInscri\u00e7\u00f5es de 10 de outubro at\u00e9 10 de novembro de 2023; T\u00e9cnico em Agricultura: 40 vagas; T\u00e9cnico em Agroecologia: 40 vagas; T\u00e9cnico em Inform\u00e1tica: 40 vagas.<br>No centro do card, foto de um estudante negro com cabelos pretos cacheados, usa aparelho dent\u00e1rio, camisa verde e est\u00e1 sorridente, ele est\u00e1 em um estacionamento e ao fundo v\u00ea-se um carro branco. \u00c0 direita da foto, texto em letras verdes e brancas: \u201cCURSO T\u00c9CNICOS GRATUITOS, Estude no IF Baiano \u2013 Campus Bom Jesus da Lapa; a palavra gratuitos est\u00e1 escrita em uma faixa vermelha.<br>No canto inferior esquerdo, v\u00ea-se um QR code com o seguinte texto no lado direito: \u201cACESSE E INSCREVA-SE\u201d. No canto inferior direito, logomarca do IF Baiano \u2013 Campus Bom Jesus da Lapa.<br>No rodap\u00e9 \u00e0 esquerda, n\u00famero para contato: (77) 2102-9545 e e-mail: prosel@lapa.ifbaiano.edu.br Fim da descri\u00e7\u00e3o.<\/p>\n\n\n\n<p><\/p>\n","protected":false},"excerpt":{"rendered":"<p>Aten\u00e7\u00e3o estudantes do 9\u00ba ano! Hoje, 04\/10\/2023 foi lan\u00e7ado o edital 27\/2023 que orienta o ingresso de estudantes para os cursos t\u00e9cnicos integrados ao ensino m\u00e9dio. As op\u00e7\u00f5es de curso s\u00e3o Agroecologia, Agricultura e Inform\u00e1tica, totalizando 120 vagas. Leia o edital para saber sobre a documenta\u00e7\u00e3o necess\u00e1ria e os tipos de vagas que s\u00e3o destinadas [&hellip;]<\/p>\n","protected":false},"author":165,"featured_media":26345,"comment_status":"open","ping_status":"open","sticky":false,"template":"","format":"standard","meta":[],"categories":[64,68,73,65],"tags":[],"_links":{"self":[{"href":"https:\/\/www.ifbaiano.edu.br\/unidades\/lapa\/wp-json\/wp\/v2\/posts\/26349"}],"collection":[{"href":"https:\/\/www.ifbaiano.edu.br\/unidades\/lapa\/wp-json\/wp\/v2\/posts"}],"about":[{"href":"https:\/\/www.ifbaiano.edu.br\/unidades\/lapa\/wp-json\/wp\/v2\/types\/post"}],"author":[{"embeddable":true,"href":"https:\/\/www.ifbaiano.edu.br\/unidades\/lapa\/wp-json\/wp\/v2\/users\/165"}],"replies":[{"embeddable":true,"href":"https:\/\/www.ifbaiano.edu.br\/unidades\/lapa\/wp-json\/wp\/v2\/comments?post=26349"}],"version-history":[{"count":4,"href":"https:\/\/www.ifbaiano.edu.br\/unidades\/lapa\/wp-json\/wp\/v2\/posts\/26349\/revisions"}],"predecessor-version":[{"id":26355,"href":"https:\/\/www.ifbaiano.edu.br\/unidades\/lapa\/wp-json\/wp\/v2\/posts\/26349\/revisions\/26355"}],"wp:featuredmedia":[{"embeddable":true,"href":"https:\/\/www.ifbaiano.edu.br\/unidades\/lapa\/wp-json\/wp\/v2\/media\/26345"}],"wp:attachment":[{"href":"https:\/\/www.ifbaiano.edu.br\/unidades\/lapa\/wp-json\/wp\/v2\/media?parent=26349"}],"wp:term":[{"taxonomy":"category","embeddable":true,"href":"https:\/\/www.ifbaiano.edu.br\/unidades\/lapa\/wp-json\/wp\/v2\/categories?post=26349"},{"taxonomy":"post_tag","embeddable":true,"href":"https:\/\/www.ifbaiano.edu.br\/unidades\/lapa\/wp-json\/wp\/v2\/tags?post=26349"}],"curies":[{"name":"wp","href":"https:\/\/api.w.org\/{rel}","templated":true}]}}