{"id":2641,"date":"2014-09-30T17:06:54","date_gmt":"2014-09-30T19:06:54","guid":{"rendered":"http:\/\/www.ifbaiano.edu.br\/unidades\/lapa\/?p=2641"},"modified":"2014-09-30T17:06:54","modified_gmt":"2014-09-30T19:06:54","slug":"retificacao_edital_09_2014","status":"publish","type":"post","link":"https:\/\/www.ifbaiano.edu.br\/unidades\/lapa\/2014\/09\/30\/retificacao_edital_09_2014\/","title":{"rendered":"Retifica\u00e7\u00e3o do Edital 09\/2014"},"content":{"rendered":"<p>O Diretor Geral do Instituto Federal de Educa\u00e7\u00e3o, Ci\u00eancia e Tecnologia Baiano &#8211; IF Baiano \u2013 Campus Bom Jesus da Lapa, no uso de suas atribui\u00e7\u00f5es legais, conforme lhe confere a Portaria n\u00b0 333 de 18 de Mar\u00e7o de 2014, publicada no D.O.U. em 19\/03\/2014, torna p\u00fablica a retifica\u00e7\u00e3o do cronograma do Edital 09\/2014,\u00a0 de 08 de Setembro de 2014.<\/p>\n<p><a href=\"http:\/\/www.ifbaiano.edu.br\/unidades\/lapa\/files\/2014\/09\/retificacao-Edital-Interno-n-09.2014.pdf\" target=\"_blank\">Acesse Aqui<\/a><\/p>\n","protected":false},"excerpt":{"rendered":"<p>O Diretor Geral do Instituto Federal de Educa\u00e7\u00e3o, Ci\u00eancia e Tecnologia Baiano &#8211; IF Baiano \u2013 Campus Bom Jesus da Lapa, no uso de suas atribui\u00e7\u00f5es legais, conforme lhe confere a Portaria n\u00b0 333 de 18 de Mar\u00e7o de 2014, publicada no D.O.U. em 19\/03\/2014, torna p\u00fablica a retifica\u00e7\u00e3o do cronograma do Edital 09\/2014,\u00a0 de [&hellip;]<\/p>\n","protected":false},"author":58,"featured_media":0,"comment_status":"open","ping_status":"open","sticky":false,"template":"","format":"standard","meta":[],"categories":[1],"tags":[],"_links":{"self":[{"href":"https:\/\/www.ifbaiano.edu.br\/unidades\/lapa\/wp-json\/wp\/v2\/posts\/2641"}],"collection":[{"href":"https:\/\/www.ifbaiano.edu.br\/unidades\/lapa\/wp-json\/wp\/v2\/posts"}],"about":[{"href":"https:\/\/www.ifbaiano.edu.br\/unidades\/lapa\/wp-json\/wp\/v2\/types\/post"}],"author":[{"embeddable":true,"href":"https:\/\/www.ifbaiano.edu.br\/unidades\/lapa\/wp-json\/wp\/v2\/users\/58"}],"replies":[{"embeddable":true,"href":"https:\/\/www.ifbaiano.edu.br\/unidades\/lapa\/wp-json\/wp\/v2\/comments?post=2641"}],"version-history":[{"count":4,"href":"https:\/\/www.ifbaiano.edu.br\/unidades\/lapa\/wp-json\/wp\/v2\/posts\/2641\/revisions"}],"predecessor-version":[{"id":2645,"href":"https:\/\/www.ifbaiano.edu.br\/unidades\/lapa\/wp-json\/wp\/v2\/posts\/2641\/revisions\/2645"}],"wp:attachment":[{"href":"https:\/\/www.ifbaiano.edu.br\/unidades\/lapa\/wp-json\/wp\/v2\/media?parent=2641"}],"wp:term":[{"taxonomy":"category","embeddable":true,"href":"https:\/\/www.ifbaiano.edu.br\/unidades\/lapa\/wp-json\/wp\/v2\/categories?post=2641"},{"taxonomy":"post_tag","embeddable":true,"href":"https:\/\/www.ifbaiano.edu.br\/unidades\/lapa\/wp-json\/wp\/v2\/tags?post=2641"}],"curies":[{"name":"wp","href":"https:\/\/api.w.org\/{rel}","templated":true}]}}