{"id":26602,"date":"2023-11-06T17:07:13","date_gmt":"2023-11-06T20:07:13","guid":{"rendered":"https:\/\/www.ifbaiano.edu.br\/unidades\/lapa\/?p=26602"},"modified":"2023-11-06T17:08:10","modified_gmt":"2023-11-06T20:08:10","slug":"cursos-de-formacao-continuada-canto-e-coral-inscricoes-prorrogadas","status":"publish","type":"post","link":"https:\/\/www.ifbaiano.edu.br\/unidades\/lapa\/2023\/11\/06\/cursos-de-formacao-continuada-canto-e-coral-inscricoes-prorrogadas\/","title":{"rendered":"Curso de Forma\u00e7\u00e3o Continuada CANTO E CORAL Inscri\u00e7\u00f5es Prorrogadas"},"content":{"rendered":"\n<figure class=\"wp-block-image size-full\"><img decoding=\"async\" loading=\"lazy\" width=\"1024\" height=\"1024\" src=\"https:\/\/www.ifbaiano.edu.br\/unidades\/lapa\/files\/2023\/11\/WhatsApp-Image-2023-11-06-at-13.05.16.jpeg\" alt=\"\" class=\"wp-image-26601\" \/><\/figure>\n\n\n\n<p> O Campus Bom Jesus da Lapa est\u00e1 com inscri\u00e7\u00f5es abertas para o Coral &#8220;Polifonia&#8221;, que ser\u00e1 realizado presencialmente, todas as segundas-feiras, no audit\u00f3rio do Campus, no turno vespertino. Corra e garanta j\u00e1 sua vaga, fazendo a inscri\u00e7\u00e3o no link: <a href=\"https:\/\/forms.gle\/6mdJYnegKKuPcvyq5\" target=\"_blank\" rel=\"noopener noreferer\">https:\/\/forms.gle\/6mdJYnegKKuPcvyq5<\/a>. O pr\u00e9-requisito \u00e9 possuir idade m\u00ednima de 14 anos e possuir aptid\u00e3o para cantar. Est\u00e1 esperando o que? Fa\u00e7a j\u00e1 sua inscri\u00e7\u00e3o!<\/p>\n","protected":false},"excerpt":{"rendered":"<p>O Campus Bom Jesus da Lapa est\u00e1 com inscri\u00e7\u00f5es abertas para o Coral &#8220;Polifonia&#8221;, que ser\u00e1 realizado presencialmente, todas as segundas-feiras, no audit\u00f3rio do Campus, no turno vespertino. Corra e garanta j\u00e1 sua vaga, fazendo a inscri\u00e7\u00e3o no link: https:\/\/forms.gle\/6mdJYnegKKuPcvyq5. O pr\u00e9-requisito \u00e9 possuir idade m\u00ednima de 14 anos e possuir aptid\u00e3o para cantar. Est\u00e1 [&hellip;]<\/p>\n","protected":false},"author":165,"featured_media":26601,"comment_status":"open","ping_status":"open","sticky":false,"template":"","format":"standard","meta":[],"categories":[115,64,24,40,65],"tags":[],"_links":{"self":[{"href":"https:\/\/www.ifbaiano.edu.br\/unidades\/lapa\/wp-json\/wp\/v2\/posts\/26602"}],"collection":[{"href":"https:\/\/www.ifbaiano.edu.br\/unidades\/lapa\/wp-json\/wp\/v2\/posts"}],"about":[{"href":"https:\/\/www.ifbaiano.edu.br\/unidades\/lapa\/wp-json\/wp\/v2\/types\/post"}],"author":[{"embeddable":true,"href":"https:\/\/www.ifbaiano.edu.br\/unidades\/lapa\/wp-json\/wp\/v2\/users\/165"}],"replies":[{"embeddable":true,"href":"https:\/\/www.ifbaiano.edu.br\/unidades\/lapa\/wp-json\/wp\/v2\/comments?post=26602"}],"version-history":[{"count":5,"href":"https:\/\/www.ifbaiano.edu.br\/unidades\/lapa\/wp-json\/wp\/v2\/posts\/26602\/revisions"}],"predecessor-version":[{"id":26607,"href":"https:\/\/www.ifbaiano.edu.br\/unidades\/lapa\/wp-json\/wp\/v2\/posts\/26602\/revisions\/26607"}],"wp:featuredmedia":[{"embeddable":true,"href":"https:\/\/www.ifbaiano.edu.br\/unidades\/lapa\/wp-json\/wp\/v2\/media\/26601"}],"wp:attachment":[{"href":"https:\/\/www.ifbaiano.edu.br\/unidades\/lapa\/wp-json\/wp\/v2\/media?parent=26602"}],"wp:term":[{"taxonomy":"category","embeddable":true,"href":"https:\/\/www.ifbaiano.edu.br\/unidades\/lapa\/wp-json\/wp\/v2\/categories?post=26602"},{"taxonomy":"post_tag","embeddable":true,"href":"https:\/\/www.ifbaiano.edu.br\/unidades\/lapa\/wp-json\/wp\/v2\/tags?post=26602"}],"curies":[{"name":"wp","href":"https:\/\/api.w.org\/{rel}","templated":true}]}}