{"id":26639,"date":"2023-11-14T15:05:10","date_gmt":"2023-11-14T18:05:10","guid":{"rendered":"https:\/\/www.ifbaiano.edu.br\/unidades\/lapa\/?p=26639"},"modified":"2023-11-14T15:05:10","modified_gmt":"2023-11-14T18:05:10","slug":"programa-mulheres-mil-de-capacitacao-profissional","status":"publish","type":"post","link":"https:\/\/www.ifbaiano.edu.br\/unidades\/lapa\/2023\/11\/14\/programa-mulheres-mil-de-capacitacao-profissional\/","title":{"rendered":"Programa MULHERES MIL de Capacita\u00e7\u00e3o Profissional"},"content":{"rendered":"\n<figure class=\"wp-block-image size-full\"><img decoding=\"async\" loading=\"lazy\" width=\"1080\" height=\"1080\" src=\"https:\/\/www.ifbaiano.edu.br\/unidades\/lapa\/files\/2023\/11\/WhatsApp-Image-2023-11-14-at-14.25.07.jpeg\" alt=\"\" class=\"wp-image-26637\" \/><\/figure>\n\n\n\n<p>Programa Mulheres Mil: Um programa com o objetivo de promover a forma\u00e7\u00e3o e qualifica\u00e7\u00e3o profissional e tecnol\u00f3gica articulada com aumento de escolaridade de mulheres em situa\u00e7\u00e3o de vulnerabilidade e social a partir de 16 anos.<br>O curso ofertado ser\u00e1 Operadora de Computador..<\/p>\n","protected":false},"excerpt":{"rendered":"<p>Programa Mulheres Mil: Um programa com o objetivo de promover a forma\u00e7\u00e3o e qualifica\u00e7\u00e3o profissional e tecnol\u00f3gica articulada com aumento de escolaridade de mulheres em situa\u00e7\u00e3o de vulnerabilidade e social a partir de 16 anos.O curso ofertado ser\u00e1 Operadora de Computador..<\/p>\n","protected":false},"author":165,"featured_media":26637,"comment_status":"open","ping_status":"open","sticky":false,"template":"","format":"standard","meta":[],"categories":[64,24,40,65],"tags":[],"_links":{"self":[{"href":"https:\/\/www.ifbaiano.edu.br\/unidades\/lapa\/wp-json\/wp\/v2\/posts\/26639"}],"collection":[{"href":"https:\/\/www.ifbaiano.edu.br\/unidades\/lapa\/wp-json\/wp\/v2\/posts"}],"about":[{"href":"https:\/\/www.ifbaiano.edu.br\/unidades\/lapa\/wp-json\/wp\/v2\/types\/post"}],"author":[{"embeddable":true,"href":"https:\/\/www.ifbaiano.edu.br\/unidades\/lapa\/wp-json\/wp\/v2\/users\/165"}],"replies":[{"embeddable":true,"href":"https:\/\/www.ifbaiano.edu.br\/unidades\/lapa\/wp-json\/wp\/v2\/comments?post=26639"}],"version-history":[{"count":1,"href":"https:\/\/www.ifbaiano.edu.br\/unidades\/lapa\/wp-json\/wp\/v2\/posts\/26639\/revisions"}],"predecessor-version":[{"id":26640,"href":"https:\/\/www.ifbaiano.edu.br\/unidades\/lapa\/wp-json\/wp\/v2\/posts\/26639\/revisions\/26640"}],"wp:featuredmedia":[{"embeddable":true,"href":"https:\/\/www.ifbaiano.edu.br\/unidades\/lapa\/wp-json\/wp\/v2\/media\/26637"}],"wp:attachment":[{"href":"https:\/\/www.ifbaiano.edu.br\/unidades\/lapa\/wp-json\/wp\/v2\/media?parent=26639"}],"wp:term":[{"taxonomy":"category","embeddable":true,"href":"https:\/\/www.ifbaiano.edu.br\/unidades\/lapa\/wp-json\/wp\/v2\/categories?post=26639"},{"taxonomy":"post_tag","embeddable":true,"href":"https:\/\/www.ifbaiano.edu.br\/unidades\/lapa\/wp-json\/wp\/v2\/tags?post=26639"}],"curies":[{"name":"wp","href":"https:\/\/api.w.org\/{rel}","templated":true}]}}