{"id":26826,"date":"2023-12-20T18:19:42","date_gmt":"2023-12-20T21:19:42","guid":{"rendered":"https:\/\/www.ifbaiano.edu.br\/unidades\/lapa\/?p=26826"},"modified":"2023-12-20T18:24:16","modified_gmt":"2023-12-20T21:24:16","slug":"antecipacao-da-publicacao-do-resultado-final-do-processo-seletivo-para-ingresso-dos-estudantes-em-2024-nos-cursos-tecnicos-em-agricultura-agroecologia-e-informatica-integrado-ao-ensino-medio","status":"publish","type":"post","link":"https:\/\/www.ifbaiano.edu.br\/unidades\/lapa\/2023\/12\/20\/antecipacao-da-publicacao-do-resultado-final-do-processo-seletivo-para-ingresso-dos-estudantes-em-2024-nos-cursos-tecnicos-em-agricultura-agroecologia-e-informatica-integrado-ao-ensino-medio\/","title":{"rendered":"Antecipa\u00e7\u00e3o da Publica\u00e7\u00e3o do Resultado Final do Processo Seletivo para Ingresso dos Estudantes em 2024 nos cursos T\u00e9cnicos em Agricultura, Agroecologia e Inform\u00e1tica Integrado ao Ensino M\u00e9dio"},"content":{"rendered":"<figure class=\"wp-block-post-featured-image\"><img width=\"1080\" height=\"1080\" src=\"https:\/\/www.ifbaiano.edu.br\/unidades\/lapa\/files\/2023\/12\/WhatsApp-Image-2023-12-20-at-16.26.11.jpeg\" class=\"attachment-post-thumbnail size-post-thumbnail wp-post-image\" alt=\"\" decoding=\"async\" loading=\"lazy\" \/><\/figure>\n\n\n<p class=\"has-text-align-left\">A Comiss\u00e3o Local de Processo Seletivo (PROSEL) do IF Baiano &#8211; Campus Bom Jesus da Lapa comunica que foi antecipada a publica\u00e7\u00e3o do resultado final do Processo Seletivo para Ingresso dos Estudantes em 2024 nos cursos T\u00e9cnicos em Agricultura, Agroecologia e Inform\u00e1tica Integrado ao Ensino M\u00e9dio. Confiram o resultado na p\u00e1gina de acompanhamento do PROSEL 2023 atrav\u00e9s do link: <a href=\"https:\/\/www.ifbaiano.edu.br\/unidades\/lapa\/edital-27-2023\/\">https:\/\/www.ifbaiano.edu.br\/unidades\/lapa\/edital-27-2023\/<\/a><\/p>\n\n\n\n<p>Atenciosamente,<\/p>\n\n\n\n<p>Comiss\u00e3o Local de Processo Seletivo (PROSEL) do IF Baiano &#8211; Campus Bom Jesus da Lapa<\/p>\n\n\n\n<p>Contatos:<br><a href=\"mailto:prosel.lapa@ifbaiano.edu.br\">prosel.lapa@ifbaiano.edu.br<\/a><br>(77) 2102-9545<\/p>\n\n\n\n<p>DESCRI\u00c7\u00c3O CARD INFORMATIVO DO RESULTADO FINAL DO PROSEL 2023<\/p>\n\n\n\n<p>#paracegover<br>Card quadrado com fundo verde.<br>Na parte superior \u00e0 esquerda aparece um QR Code com a palavra \u201cACESSE!\u201d escrita em laranja ao lado esquerdo. \u00c0 direita, t\u00edtulo escrito em letras verdes e brancas: \u201cIngressos de Estudantes 2024 IF BAIANO Bom Jesus da Lapa\u201d, a palavra \u201cIF BAIANO\u201d est\u00e1 escrita em caixa alta e em fonte grande. Logo abaixo do t\u00edtulo, texto escrito na cor laranja: \u201cNOVIDADE! Antecipamos a publica\u00e7\u00e3o do resultado final do Processo Seletivo para os cursos integrados 2024\u201d, no in\u00edcio do texto tem uma seta laranja apontada para o QR Code.<br>No centro do card, frase escrita em letras brancas sob uma faixa vermelha: \u201cObserva\u00e7\u00f5es Importantes:\u201d. Logo a baixo texto das observa\u00e7\u00f5es escrito em branco:<br>1 &#8211; O sinal de um asterisco (<em>) no final de APROVADO(A) significa: Vaga remanejada de outra modalidade; <\/em> <em>2 &#8211; O sinal de asterisco repetido duas vezes (<\/em>*) no final de APROVADO(A) ou CLASSIFICADO(A)\/LISTA DE ESPERA significa: Candidatos(as) ausentes ou que tiveram o indeferimento da sua autodeclara\u00e7\u00e3o \u00e9tnico-racial durante a banca de heteroidentifica\u00e7\u00e3o, foram realocado(a) em outra reserva de vagas ou na ampla concorr\u00eancia;<br>3 &#8211; Os candidatos aprovados est\u00e3o aptos para matr\u00edcula, conforme normas que ser\u00e3o divulgadas posteriormente ao presente resultado;<br>4 &#8211; Os candidatos classificados est\u00e3o na lista de espera e poder\u00e3o ser convocados para matr\u00edcula, caso haja desist\u00eancia de candidatos aprovados.<br>5 &#8211; A convoca\u00e7\u00e3o dos(as) candidatos(as) da lista de espera observar\u00e1 a ordem de classifica\u00e7\u00e3o, a modalidade de concorr\u00eancia e a exist\u00eancia de vagas remanescentes.<br>Fim da descri\u00e7\u00e3o<\/p>\n\n\n\n<p><\/p>\n\n\n\n<p><\/p>\n\n\n\n<p><\/p>\n","protected":false},"excerpt":{"rendered":"<p>A Comiss\u00e3o Local de Processo Seletivo (PROSEL) do IF Baiano &#8211; Campus Bom Jesus da Lapa comunica que foi antecipada a publica\u00e7\u00e3o do resultado final do Processo Seletivo para Ingresso dos Estudantes em 2024 nos cursos T\u00e9cnicos em Agricultura, Agroecologia e Inform\u00e1tica Integrado ao Ensino M\u00e9dio. Confiram o resultado na p\u00e1gina de acompanhamento do PROSEL [&hellip;]<\/p>\n","protected":false},"author":165,"featured_media":26825,"comment_status":"open","ping_status":"open","sticky":false,"template":"","format":"standard","meta":[],"categories":[115,64,24,1,65],"tags":[],"_links":{"self":[{"href":"https:\/\/www.ifbaiano.edu.br\/unidades\/lapa\/wp-json\/wp\/v2\/posts\/26826"}],"collection":[{"href":"https:\/\/www.ifbaiano.edu.br\/unidades\/lapa\/wp-json\/wp\/v2\/posts"}],"about":[{"href":"https:\/\/www.ifbaiano.edu.br\/unidades\/lapa\/wp-json\/wp\/v2\/types\/post"}],"author":[{"embeddable":true,"href":"https:\/\/www.ifbaiano.edu.br\/unidades\/lapa\/wp-json\/wp\/v2\/users\/165"}],"replies":[{"embeddable":true,"href":"https:\/\/www.ifbaiano.edu.br\/unidades\/lapa\/wp-json\/wp\/v2\/comments?post=26826"}],"version-history":[{"count":3,"href":"https:\/\/www.ifbaiano.edu.br\/unidades\/lapa\/wp-json\/wp\/v2\/posts\/26826\/revisions"}],"predecessor-version":[{"id":26830,"href":"https:\/\/www.ifbaiano.edu.br\/unidades\/lapa\/wp-json\/wp\/v2\/posts\/26826\/revisions\/26830"}],"wp:featuredmedia":[{"embeddable":true,"href":"https:\/\/www.ifbaiano.edu.br\/unidades\/lapa\/wp-json\/wp\/v2\/media\/26825"}],"wp:attachment":[{"href":"https:\/\/www.ifbaiano.edu.br\/unidades\/lapa\/wp-json\/wp\/v2\/media?parent=26826"}],"wp:term":[{"taxonomy":"category","embeddable":true,"href":"https:\/\/www.ifbaiano.edu.br\/unidades\/lapa\/wp-json\/wp\/v2\/categories?post=26826"},{"taxonomy":"post_tag","embeddable":true,"href":"https:\/\/www.ifbaiano.edu.br\/unidades\/lapa\/wp-json\/wp\/v2\/tags?post=26826"}],"curies":[{"name":"wp","href":"https:\/\/api.w.org\/{rel}","templated":true}]}}